{"id":17678,"date":"2016-09-06T13:45:20","date_gmt":"2016-09-06T16:45:20","guid":{"rendered":"http:\/\/catolicanet.net\/wp-cnet\/2016\/09\/06\/como-lidar-com-um-amor-nao-correspondido\/"},"modified":"2017-05-31T08:54:15","modified_gmt":"2017-05-31T11:54:15","slug":"como-lidar-com-um-amor-nao-correspondido","status":"publish","type":"post","link":"https:\/\/catolicanet.net\/wp-cnet\/como-lidar-com-um-amor-nao-correspondido\/","title":{"rendered":"Como lidar com um amor n\u00e3o correspondido?"},"content":{"rendered":"<p style=\"text-align: justify;\"><img decoding=\"async\" src=\"http:\/\/www.catolicanet.com.br\/images\/stories\/noticias\/woman-crying.jpg\" border=\"0\" align=\"left\" \/>Amar e n\u00e3o ser correspondido \u00e9 causa de dor e frustra\u00e7\u00e3o. Por tr\u00e1s dessa experi\u00eancia, no entanto, mora um problema de fundo nem sempre percebido<\/p>\n<p>O que devemos fazer quando o amor que temos por uma pessoa n\u00e3o \u00e9 correspondido? Essa pergunta esconde uma dor e uma ang\u00fastia bastante comuns hoje em dia, sobretudo entre os mais jovens. No entanto, ela s\u00f3 pode ser respondida adequadamente se tivermos bem claro em que consiste o verdadeiro amor humano.<\/p>\n<p>Os tempos atuais, marcados por certo romantismo burgu\u00eas, costumam pensar que o amor \u00e9 algo que se sente. Por isso, j\u00e1 n\u00e3o \u00e9 estranho que boa parte das pessoa acredite estar amando somente enquanto experimenta alguma sensa\u00e7\u00e3o de prazer ou satisfa\u00e7\u00e3o. E nem lhes passa pela cabe\u00e7a que talvez a sua forma de \u201camar\u201d seja n\u00e3o s\u00f3 a causa de seus sofrimentos, mas tamb\u00e9m uma manifesta\u00e7\u00e3o de ego\u00edsmo.<\/p>\n<p>Mas, afinal, o que significa amar de verdade? Como sair de si mesmo, fazendo pouco caso dos pr\u00f3prios interesses, quase sempre mesquinhos e f\u00fateis, e passar a querer apenas o bem do amado, mesmo que dele nada se receba em troca?<\/p>\n<p>\u00c9 o que o Padre Paulo Ricardo explica neste novo v\u00eddeo do nosso projeto dedicado especialmente \u00e0 fam\u00edlia.<\/p>\n<p style=\"text-align: justify;\">\u00a0<\/p>\n<p style=\"text-align: justify;\"><a href=\"https:\/\/www.youtube.com\/watch?v=VMzoXEkeQds\">Clique aqui para assistir v\u00eddeo.<\/a><\/p>\n<p style=\"text-align: justify;\">\u00a0<\/p>\n<p style=\"text-align: justify;\">Se voc\u00ea tem passado por um problema semelhante ou conhece algu\u00e9m que n\u00e3o se sinta correspondido, n\u00e3o deixe de compartilhar esse conte\u00fado. Ajude-nos a evangelizar e a divulgar #ComoSerFamilia!<\/p>\n<p style=\"text-align: justify;\">Fonte: Aleteia<\/p>\n","protected":false},"excerpt":{"rendered":"<p>Amar e n\u00e3o ser correspondido \u00e9 causa de dor e frustra\u00e7\u00e3o. Por tr\u00e1s dessa experi\u00eancia, no entanto, mora um problema de fundo nem sempre percebido O que devemos fazer quando o amor que temos por uma pessoa n\u00e3o \u00e9 correspondido? Essa pergunta esconde uma dor e uma ang\u00fastia bastante comuns hoje em dia, sobretudo entre [&hellip;]<\/p>\n","protected":false},"author":1,"featured_media":17677,"comment_status":"open","ping_status":"open","sticky":false,"template":"","format":"standard","meta":{"footnotes":""},"categories":[4],"tags":[],"class_list":["post-17678","post","type-post","status-publish","format-standard","has-post-thumbnail","hentry","category-cotidiano"],"_links":{"self":[{"href":"https:\/\/catolicanet.net\/wp-cnet\/wp-json\/wp\/v2\/posts\/17678","targetHints":{"allow":["GET"]}}],"collection":[{"href":"https:\/\/catolicanet.net\/wp-cnet\/wp-json\/wp\/v2\/posts"}],"about":[{"href":"https:\/\/catolicanet.net\/wp-cnet\/wp-json\/wp\/v2\/types\/post"}],"author":[{"embeddable":true,"href":"https:\/\/catolicanet.net\/wp-cnet\/wp-json\/wp\/v2\/users\/1"}],"replies":[{"embeddable":true,"href":"https:\/\/catolicanet.net\/wp-cnet\/wp-json\/wp\/v2\/comments?post=17678"}],"version-history":[{"count":1,"href":"https:\/\/catolicanet.net\/wp-cnet\/wp-json\/wp\/v2\/posts\/17678\/revisions"}],"predecessor-version":[{"id":25300,"href":"https:\/\/catolicanet.net\/wp-cnet\/wp-json\/wp\/v2\/posts\/17678\/revisions\/25300"}],"wp:featuredmedia":[{"embeddable":true,"href":"https:\/\/catolicanet.net\/wp-cnet\/wp-json\/wp\/v2\/media\/17677"}],"wp:attachment":[{"href":"https:\/\/catolicanet.net\/wp-cnet\/wp-json\/wp\/v2\/media?parent=17678"}],"wp:term":[{"taxonomy":"category","embeddable":true,"href":"https:\/\/catolicanet.net\/wp-cnet\/wp-json\/wp\/v2\/categories?post=17678"},{"taxonomy":"post_tag","embeddable":true,"href":"https:\/\/catolicanet.net\/wp-cnet\/wp-json\/wp\/v2\/tags?post=17678"}],"curies":[{"name":"wp","href":"https:\/\/api.w.org\/{rel}","templated":true}]}}