{"id":17674,"date":"2016-09-06T13:30:21","date_gmt":"2016-09-06T16:30:21","guid":{"rendered":"http:\/\/catolicanet.net\/wp-cnet\/2016\/09\/06\/brasileira-disse-nao-ao-aborto-ficou-paraplegica-e-hoje-brilha-na-esgrima-paralimpica\/"},"modified":"2017-05-31T09:04:13","modified_gmt":"2017-05-31T12:04:13","slug":"brasileira-disse-nao-ao-aborto-ficou-paraplegica-e-hoje-brilha-na-esgrima-paralimpica","status":"publish","type":"post","link":"https:\/\/catolicanet.net\/wp-cnet\/brasileira-disse-nao-ao-aborto-ficou-paraplegica-e-hoje-brilha-na-esgrima-paralimpica\/","title":{"rendered":"Brasileira disse n\u00e3o ao aborto, ficou parapl\u00e9gica e hoje brilha na esgrima paral\u00edmpica"},"content":{"rendered":"<p style=\"text-align: justify;\"><img decoding=\"async\" src=\"http:\/\/www.catolicanet.com.br\/images\/stories\/noticias\/13321969_1.jpg\" border=\"0\" align=\"left\" \/>Rio de Janeiro, 06 Set. 16 \/ 09:00 am (ACI).- Nos Jogos Paral\u00edmpicos 2016, no Rio de Janeiro, o Brasil ser\u00e1 representado na esgrima por uma mulher que h\u00e1 cerca de 14 anos teve que tomar uma decis\u00e3o que mudaria a sua vida: disse n\u00e3o a um aborto para salvar sua filha, mas, por conta de uma doen\u00e7a, ficou parapl\u00e9gica. Trata-se da esgrimista M\u00f4nica Santos tetracampe\u00e3 brasileira e bicampe\u00e3 das Am\u00e9ricas.<\/p>\n<p>Aos 18 anos, descobriu que estava gr\u00e1vida do primeiro filho. Mas, \u00e0 alegria da maternidade seguiu-se outra not\u00edcia preocupante. M\u00f4nica foi diagnosticada com um angioma medular.<\/p>\n<p>\u201cTive um angioma medular durante o segundo m\u00eas de gesta\u00e7\u00e3o e os m\u00e9dicos queriam que eu interrompesse a gravidez para poder operar\u201d, contou a atleta em uma entrevista \u00e0 Gazeta Esportiva.<\/p>\n<p>\u201cAo inv\u00e9s de interromper para voltar a andar \u2013 recordou \u2013, eu optei em ter a nen\u00ea e s\u00f3 depois fazer a cirurgia\u201d.<\/p>\n<p>A decis\u00e3o de M\u00f4nica de fazer a cirurgia ap\u00f3s o parto poderia acarretar s\u00e9rios riscos \u00e0 sua sa\u00fade, inclusive de ficar tetrapl\u00e9gica. Mesmo consciente dessa possibilidade, optou pela vida de sua filha, Paola, hoje com 13 anos.<\/p>\n<p>\u201cEu poderia ter ficado tetrapl\u00e9gica, mas acho que Deus compensou por eu n\u00e3o ter matado a sementinha que tinha em mim e fiquei parapl\u00e9gica\u201d, disse.<\/p>\n<p>Ao declarar ter se tornado cadeirante \u201cpor op\u00e7\u00e3o\u201d, M\u00f4nica comentou ao site do Globo Esporte que \u201co fato \u00e9 que eu queria ter um beb\u00ea, ali era uma vida, e eu n\u00e3o queria tirar aquela vida. Acho que era um ser humano desde o momento que estava ali batendo o cora\u00e7\u00e3ozinho\u201d.<\/p>\n<p>Antes mesmo da gravidez e da descoberta da doen\u00e7a, M\u00f4nica Santos j\u00e1 praticava esportes. Depois que ficou parapl\u00e9gica, n\u00e3o deixou sua vida de atleta de lado e buscou esportes que pudesse praticar.<\/p>\n<p>\u201cQuando andava, fazia futebol amador e n\u00e3o conhecia a esgrima\u201d, contou \u00e0 Gazeta Esportiva. \u201cAp\u00f3s a les\u00e3o \u2013 continuou \u2013, comecei no basquete e fui apresentada ao jogo de espadas procurando esportes adaptados\u201d.<\/p>\n<p>Na esgrima, logo come\u00e7ou a trilhar seu caminho e, em um ano, foi convocada para a sele\u00e7\u00e3o brasileira, firmando-se, em seguida, como principal atleta. Vieram as conquistas nacionais e internacionais e, agora, est\u00e1 focada na Paralimp\u00edada. Ao seu lado sempre esteve presente a sua maior medalha, Paola, o que n\u00e3o ser\u00e1 diferente no Rio de Janeiro.<\/p>\n<p>\u201cVai torcer bastante por mim. Hoje sou mais feliz do que quando eu andava, dou valor para outras coisas\u201d, garantiu a atleta.<\/p>\n<p style=\"text-align: justify;\">\u00a0<\/p>\n<p style=\"text-align: justify;\">Fonte: Acidigital<\/p>\n","protected":false},"excerpt":{"rendered":"<p>Rio de Janeiro, 06 Set. 16 \/ 09:00 am (ACI).- Nos Jogos Paral\u00edmpicos 2016, no Rio de Janeiro, o Brasil ser\u00e1 representado na esgrima por uma mulher que h\u00e1 cerca de 14 anos teve que tomar uma decis\u00e3o que mudaria a sua vida: disse n\u00e3o a um aborto para salvar sua filha, mas, por conta [&hellip;]<\/p>\n","protected":false},"author":1,"featured_media":17673,"comment_status":"open","ping_status":"open","sticky":false,"template":"","format":"standard","meta":{"footnotes":""},"categories":[4],"tags":[],"class_list":["post-17674","post","type-post","status-publish","format-standard","has-post-thumbnail","hentry","category-cotidiano"],"_links":{"self":[{"href":"https:\/\/catolicanet.net\/wp-cnet\/wp-json\/wp\/v2\/posts\/17674","targetHints":{"allow":["GET"]}}],"collection":[{"href":"https:\/\/catolicanet.net\/wp-cnet\/wp-json\/wp\/v2\/posts"}],"about":[{"href":"https:\/\/catolicanet.net\/wp-cnet\/wp-json\/wp\/v2\/types\/post"}],"author":[{"embeddable":true,"href":"https:\/\/catolicanet.net\/wp-cnet\/wp-json\/wp\/v2\/users\/1"}],"replies":[{"embeddable":true,"href":"https:\/\/catolicanet.net\/wp-cnet\/wp-json\/wp\/v2\/comments?post=17674"}],"version-history":[{"count":1,"href":"https:\/\/catolicanet.net\/wp-cnet\/wp-json\/wp\/v2\/posts\/17674\/revisions"}],"predecessor-version":[{"id":25302,"href":"https:\/\/catolicanet.net\/wp-cnet\/wp-json\/wp\/v2\/posts\/17674\/revisions\/25302"}],"wp:featuredmedia":[{"embeddable":true,"href":"https:\/\/catolicanet.net\/wp-cnet\/wp-json\/wp\/v2\/media\/17673"}],"wp:attachment":[{"href":"https:\/\/catolicanet.net\/wp-cnet\/wp-json\/wp\/v2\/media?parent=17674"}],"wp:term":[{"taxonomy":"category","embeddable":true,"href":"https:\/\/catolicanet.net\/wp-cnet\/wp-json\/wp\/v2\/categories?post=17674"},{"taxonomy":"post_tag","embeddable":true,"href":"https:\/\/catolicanet.net\/wp-cnet\/wp-json\/wp\/v2\/tags?post=17674"}],"curies":[{"name":"wp","href":"https:\/\/api.w.org\/{rel}","templated":true}]}}