{"id":17672,"date":"2016-09-06T13:16:23","date_gmt":"2016-09-06T16:16:23","guid":{"rendered":"http:\/\/catolicanet.net\/wp-cnet\/2016\/09\/06\/um-novo-centro-de-acolhida-aos-mais-necessitados\/"},"modified":"2017-05-29T16:00:28","modified_gmt":"2017-05-29T19:00:28","slug":"um-novo-centro-de-acolhida-aos-mais-necessitados","status":"publish","type":"post","link":"https:\/\/catolicanet.net\/wp-cnet\/um-novo-centro-de-acolhida-aos-mais-necessitados\/","title":{"rendered":"Um novo centro de acolhida aos mais necessitados"},"content":{"rendered":"<p style=\"text-align: justify;\"><img decoding=\"async\" src=\"http:\/\/www.catolicanet.com.br\/images\/stories\/noticias\/ce93b7c97ea8.jpg\" border=\"0\" align=\"left\" \/>Ir. Bibiane (\u00e0 direita) cuidando de crian\u00e7as desnutridas Ir. Bibiane (\u00e0 direita) cuidando de crian\u00e7as desnutridas<\/p>\n<p>Como se n\u00e3o bastasse ser um dos pa\u00edses mais pobres e subdesenvolvidos do mundo, a Rep\u00fablica Democr\u00e1tica do Congo foi lan\u00e7ada ainda mais na indig\u00eancia e caos, com a continua\u00e7\u00e3o da viol\u00eancia e do conflito armado no pa\u00eds. A falta de seguran\u00e7a e a instabilidade pol\u00edtica deixaram as pessoas mais pobres do que nunca.<\/p>\n<p>Muitos pais n\u00e3o est\u00e3o conseguindo cuidar de seus filhos, e muitas crian\u00e7as est\u00e3o sendo abandonadas ou at\u00e9 expulsas de casa \u2013 frequentemente sob o pretexto de terem praticado feiti\u00e7aria e assim trazido o mal sobre a fam\u00edlia. N\u00e3o \u00e9 raro que muitos meninos acabem em gangues criminosas, enquanto que as meninas s\u00e3o for\u00e7adas \u00e0 prostitui\u00e7\u00e3o ou acabam engravidando, sem ter quem as ajude. Elas s\u00e3o ainda menos capazes de cuidar de seus filhos, porque n\u00e3o tiveram nenhuma educa\u00e7\u00e3o e n\u00e3o fazem ideia de como se sustentar a n\u00e3o ser atrav\u00e9s da prostitui\u00e7\u00e3o.<\/p>\n<p>As irm\u00e3s da congrega\u00e7\u00e3o Filles de Notre Dame du Sacr\u00e9-Coeur (Irm\u00e3s de Nossa Senhora do Sagrado Cora\u00e7\u00e3o) ajudam essas pessoas indefesas, em quatro centros pelo pa\u00eds. Elas cuidam das crian\u00e7as de rua e \u00f3rf\u00e3os e ajudam as m\u00e3es adolescentes, ensinando-lhes tric\u00f4 e costura, para que elas possam se sustentar. Elas tamb\u00e9m ensinam alfabetiza\u00e7\u00e3o b\u00e1sica, cuidam dos idosos, atendem pacientes dos centros de hansen\u00edase, fornecem assist\u00eancia m\u00e9dica e obstetr\u00edcia para gestantes e cuidam dos doentes que n\u00e3o t\u00eam condi\u00e7\u00f5es de terem atendimento m\u00e9dico sen\u00e3o ali. Al\u00e9m disso, ensinam nas escolas e trabalham nas par\u00f3quias, apoiando os sacerdotes com, por exemplo, o ensino de catequese.<\/p>\n<p>Agora elas est\u00e3o planejando construir um novo centro, em Mbandaka, no noroeste do pa\u00eds, onde se dedicar\u00e3o principalmente aos \u00f3rf\u00e3os e doentes. A ACN j\u00e1 prometeu apoio ao projeto. Voc\u00ea pode nos ajudar?<\/p>\n<p style=\"text-align: justify;\">\u00a0<\/p>\n<p style=\"text-align: justify;\">Fonte: ACN<\/p>\n","protected":false},"excerpt":{"rendered":"<p>Ir. Bibiane (\u00e0 direita) cuidando de crian\u00e7as desnutridas Ir. Bibiane (\u00e0 direita) cuidando de crian\u00e7as desnutridas Como se n\u00e3o bastasse ser um dos pa\u00edses mais pobres e subdesenvolvidos do mundo, a Rep\u00fablica Democr\u00e1tica do Congo foi lan\u00e7ada ainda mais na indig\u00eancia e caos, com a continua\u00e7\u00e3o da viol\u00eancia e do conflito armado no pa\u00eds. A [&hellip;]<\/p>\n","protected":false},"author":1,"featured_media":17671,"comment_status":"open","ping_status":"open","sticky":false,"template":"","format":"standard","meta":{"footnotes":""},"categories":[4],"tags":[],"class_list":["post-17672","post","type-post","status-publish","format-standard","has-post-thumbnail","hentry","category-cotidiano"],"_links":{"self":[{"href":"https:\/\/catolicanet.net\/wp-cnet\/wp-json\/wp\/v2\/posts\/17672","targetHints":{"allow":["GET"]}}],"collection":[{"href":"https:\/\/catolicanet.net\/wp-cnet\/wp-json\/wp\/v2\/posts"}],"about":[{"href":"https:\/\/catolicanet.net\/wp-cnet\/wp-json\/wp\/v2\/types\/post"}],"author":[{"embeddable":true,"href":"https:\/\/catolicanet.net\/wp-cnet\/wp-json\/wp\/v2\/users\/1"}],"replies":[{"embeddable":true,"href":"https:\/\/catolicanet.net\/wp-cnet\/wp-json\/wp\/v2\/comments?post=17672"}],"version-history":[{"count":1,"href":"https:\/\/catolicanet.net\/wp-cnet\/wp-json\/wp\/v2\/posts\/17672\/revisions"}],"predecessor-version":[{"id":24212,"href":"https:\/\/catolicanet.net\/wp-cnet\/wp-json\/wp\/v2\/posts\/17672\/revisions\/24212"}],"wp:featuredmedia":[{"embeddable":true,"href":"https:\/\/catolicanet.net\/wp-cnet\/wp-json\/wp\/v2\/media\/17671"}],"wp:attachment":[{"href":"https:\/\/catolicanet.net\/wp-cnet\/wp-json\/wp\/v2\/media?parent=17672"}],"wp:term":[{"taxonomy":"category","embeddable":true,"href":"https:\/\/catolicanet.net\/wp-cnet\/wp-json\/wp\/v2\/categories?post=17672"},{"taxonomy":"post_tag","embeddable":true,"href":"https:\/\/catolicanet.net\/wp-cnet\/wp-json\/wp\/v2\/tags?post=17672"}],"curies":[{"name":"wp","href":"https:\/\/api.w.org\/{rel}","templated":true}]}}