{"id":1767,"date":"2012-05-22T17:54:31","date_gmt":"2012-05-22T20:54:31","guid":{"rendered":"http:\/\/catolicanet.net\/wp-cnet\/bispos-aprofundam-estudo-sobre-os-problemas-sociais-e-politicos\/"},"modified":"2017-03-21T10:31:11","modified_gmt":"2017-03-21T13:31:11","slug":"bispos-aprofundam-estudo-sobre-os-problemas-sociais-e-politicos","status":"publish","type":"post","link":"https:\/\/catolicanet.net\/wp-cnet\/bispos-aprofundam-estudo-sobre-os-problemas-sociais-e-politicos\/","title":{"rendered":"Bispos aprofundam estudo sobre os problemas sociais e pol\u00edticos"},"content":{"rendered":"<p style=\"text-align: justify;\"><img decoding=\"async\" src=\"images\/stories\/analisedeconjuntura2012.jpg\" border=\"0\" align=\"left\" \/>Durante a reuni\u00e3o do Conselho Episcopal Pastoral (Consep) da Confer\u00eancia Nacional dos Bispos do Brasil (CNBB), que se realiza na sede da entidade, em Bras\u00edlia (DF), at\u00e9 a pr\u00f3xima quinta-feira, 24 de maio, os bispos foram informados sobre a conjuntura nacional e internacional no campo da pol\u00edtica, da economia e das grandes quest\u00f5es sociais.<\/p>\n<p>Pedro Gontijo, secret\u00e1rio executivo da Comiss\u00e3o Brasileira de Justi\u00e7a e Paz (CBJP), e padre Geraldo Martins, assessor de pol\u00edtica da CNBB, fizeram exposi\u00e7\u00f5es que mostraram s\u00ednteses sobre as principais quest\u00f5es que marcam o cen\u00e1rio dos fatos e dos processos de discuss\u00e3o sobre pol\u00edtica, economia e lutas pelos direitos dos povos e, particularmente, do povo brasileiro.<\/p>\n<p>Alguns temas estudados: crise na Europa, conflitos na S\u00edria, elei\u00e7\u00f5es nos Estados Unidos, conflito e paz no Peru e na Col\u00f4mbia, elei\u00e7\u00f5es na Venezuela e M\u00e9xico, nacionaliza\u00e7\u00f5es de empresa na Bol\u00edvia e Argentina, Direitos Humanos na Am\u00e9rica Latina, juros e infla\u00e7\u00e3o, Opera\u00e7\u00e3o Monte Carlo, C\u00f3digo Florestal, Comiss\u00e3o da Verdade, Rio + 20, STF e quest\u00f5es sociais e um relat\u00f3rio de principais not\u00edcias do Congresso Nacional.<\/p>\n<p>As an\u00e1lises de conjuntura da CBJP n\u00e3o s\u00e3o documentos oficiais da CNBB, mas s\u00e3o divulgadas mensalmente no site da Confer\u00eancia, para colaborar com as comunidades e com os cidad\u00e3os em geral no aprofundamento dos problemas brasileiros e do mundo.<\/p>\n<p>Fonte: CNBB<br \/>Local: Bras\u00edlia (DF)<\/p>\n","protected":false},"excerpt":{"rendered":"<p>Durante a reuni\u00e3o do Conselho Episcopal Pastoral (Consep) da Confer\u00eancia Nacional dos Bispos do Brasil (CNBB), que se realiza na sede da entidade, em Bras\u00edlia (DF), at\u00e9 a pr\u00f3xima quinta-feira, 24 de maio, os bispos foram informados sobre a conjuntura nacional e internacional no campo da pol\u00edtica, da economia e das grandes quest\u00f5es sociais. Pedro [&hellip;]<\/p>\n","protected":false},"author":1,"featured_media":1766,"comment_status":"closed","ping_status":"closed","sticky":false,"template":"","format":"standard","meta":{"footnotes":""},"categories":[7],"tags":[],"class_list":["post-1767","post","type-post","status-publish","format-standard","has-post-thumbnail","hentry","category-cnbb"],"_links":{"self":[{"href":"https:\/\/catolicanet.net\/wp-cnet\/wp-json\/wp\/v2\/posts\/1767","targetHints":{"allow":["GET"]}}],"collection":[{"href":"https:\/\/catolicanet.net\/wp-cnet\/wp-json\/wp\/v2\/posts"}],"about":[{"href":"https:\/\/catolicanet.net\/wp-cnet\/wp-json\/wp\/v2\/types\/post"}],"author":[{"embeddable":true,"href":"https:\/\/catolicanet.net\/wp-cnet\/wp-json\/wp\/v2\/users\/1"}],"replies":[{"embeddable":true,"href":"https:\/\/catolicanet.net\/wp-cnet\/wp-json\/wp\/v2\/comments?post=1767"}],"version-history":[{"count":1,"href":"https:\/\/catolicanet.net\/wp-cnet\/wp-json\/wp\/v2\/posts\/1767\/revisions"}],"predecessor-version":[{"id":6859,"href":"https:\/\/catolicanet.net\/wp-cnet\/wp-json\/wp\/v2\/posts\/1767\/revisions\/6859"}],"wp:featuredmedia":[{"embeddable":true,"href":"https:\/\/catolicanet.net\/wp-cnet\/wp-json\/wp\/v2\/media\/1766"}],"wp:attachment":[{"href":"https:\/\/catolicanet.net\/wp-cnet\/wp-json\/wp\/v2\/media?parent=1767"}],"wp:term":[{"taxonomy":"category","embeddable":true,"href":"https:\/\/catolicanet.net\/wp-cnet\/wp-json\/wp\/v2\/categories?post=1767"},{"taxonomy":"post_tag","embeddable":true,"href":"https:\/\/catolicanet.net\/wp-cnet\/wp-json\/wp\/v2\/tags?post=1767"}],"curies":[{"name":"wp","href":"https:\/\/api.w.org\/{rel}","templated":true}]}}