{"id":1763,"date":"2012-05-22T17:45:48","date_gmt":"2012-05-22T20:45:48","guid":{"rendered":"http:\/\/catolicanet.net\/wp-cnet\/vida-e-obra-do-papa-paulo-vi-inspiram-nova-disciplina-em-universidade-italiana\/"},"modified":"2017-03-21T10:29:56","modified_gmt":"2017-03-21T13:29:56","slug":"vida-e-obra-do-papa-paulo-vi-inspiram-nova-disciplina-em-universidade-italiana","status":"publish","type":"post","link":"https:\/\/catolicanet.net\/wp-cnet\/vida-e-obra-do-papa-paulo-vi-inspiram-nova-disciplina-em-universidade-italiana\/","title":{"rendered":"Vida e obra do Papa Paulo VI inspiram nova disciplina em universidade italiana"},"content":{"rendered":"<p style=\"text-align: justify;\"><img decoding=\"async\" src=\"images\/stories\/pauloii.png\" border=\"0\" align=\"left\" \/>A Livre Universidade Maria Sant\u00edssima Assunta apresentou, na \u00faltima semana, uma disciplina inteiramente dedicado ao Papa Paulo VI, que tem como objetivo aprofundar o conhecimento sobre uma figura hist\u00f3rica da Igreja Cat\u00f3lica do s\u00e9culo XX.<\/p>\n<p>O Reitor Giuseppe Dalla Torre adianta que a nova cadeira ir\u00e1 incluir aspetos pouco conhecidos da vida de Giovanni Battista Montini, que assumiu o lugar mais alto da hierarquia cat\u00f3lica em 1963, sucedendo a Jo\u00e3o XXIII.<\/p>\n<p>Para al\u00e9m de ter presidido a grande parte das orienta\u00e7\u00f5es apost\u00f3licas sa\u00eddas do Conc\u00edlio Vaticano II, que em outubro assinala 50 anos, ou de ter escrito a enc\u00edclica Humanae vitae, um marco da doutrina da Igreja em quest\u00f5es como o aborto e a regula\u00e7\u00e3o da natalidade, Paulo VI foi respons\u00e1vel por uma enorme atividade sociocaritativa e humana durante a Segunda Guerra Mundial, real\u00e7a o professor.<\/p>\n<p>Pretende-se n\u00e3o s\u00f3 aprofundar essa p\u00e1gina da Hist\u00f3ria como fornecer um conjunto de elementos v\u00e1lidos de reflex\u00e3o, salienta Dalla Torre.<\/p>\n<p>Alunos e investigadores v\u00e3o ter oportunidade de conhecer o trabalho que Giovanni Battista Montini, ainda como Secret\u00e1rio de Estado do Vaticano, ao servi\u00e7o de Pio XII, fez durante o conflito de 1940-1945.<\/p>\n<p>Atrav\u00e9s da cria\u00e7\u00e3o de uma Comiss\u00e3o de Socorros, o (na altura) futuro Papa prestou auxilio humanit\u00e1rio a in\u00fameros prisioneiros judeus e refugiados pol\u00edticos escondidos em conventos e institui\u00e7\u00f5es religiosas.<\/p>\n<p>Ao mesmo tempo, assumiu o cargo de assistente eclesi\u00e1stico na Federa\u00e7\u00e3o Universit\u00e1ria Cat\u00f3lica Italiana e a forma\u00e7\u00e3o religiosa, civil e social de jovens e adultos, apesar da ideologia fascista e totalit\u00e1ria que marcava a sociedade italiana.<\/p>\n<p>O prefeito em\u00e9rito da Congrega\u00e7\u00e3o para os Bispos, Dom Giovanni Battista Re, saudou a iniciativa da Universidade, que faz juz \u00e0 trajet\u00f3ria de um homem que, ao longo da sua vida (1897-1978) e do seu pontificado de 15 anos, nunca abrandou o ritmo com a passagem do tempo, ao contr\u00e1rio, se tornou mais forte.<\/p>\n<p>Giovanni Montini foi uma das grandes personagens do s\u00e9culo XX, sublinhou o cardeal italiano, recordando ainda que Paulo VI foi o primeiro Papa a andar de avi\u00e3o, o primeiro a reatar rela\u00e7\u00f5es com a Palestina e a abolir a corte pontif\u00edcia, dando um estilo de vida mais simples \u00e0 Casa Pontif\u00edcia.<\/p>\n<p>Fonte: R\u00e1dio Vaticano<br \/>Local: Cidade do Vaticano<\/p>\n","protected":false},"excerpt":{"rendered":"<p>A Livre Universidade Maria Sant\u00edssima Assunta apresentou, na \u00faltima semana, uma disciplina inteiramente dedicado ao Papa Paulo VI, que tem como objetivo aprofundar o conhecimento sobre uma figura hist\u00f3rica da Igreja Cat\u00f3lica do s\u00e9culo XX. O Reitor Giuseppe Dalla Torre adianta que a nova cadeira ir\u00e1 incluir aspetos pouco conhecidos da vida de Giovanni Battista [&hellip;]<\/p>\n","protected":false},"author":1,"featured_media":1762,"comment_status":"closed","ping_status":"closed","sticky":false,"template":"","format":"standard","meta":{"footnotes":""},"categories":[3],"tags":[],"class_list":["post-1763","post","type-post","status-publish","format-standard","has-post-thumbnail","hentry","category-vaticano"],"_links":{"self":[{"href":"https:\/\/catolicanet.net\/wp-cnet\/wp-json\/wp\/v2\/posts\/1763","targetHints":{"allow":["GET"]}}],"collection":[{"href":"https:\/\/catolicanet.net\/wp-cnet\/wp-json\/wp\/v2\/posts"}],"about":[{"href":"https:\/\/catolicanet.net\/wp-cnet\/wp-json\/wp\/v2\/types\/post"}],"author":[{"embeddable":true,"href":"https:\/\/catolicanet.net\/wp-cnet\/wp-json\/wp\/v2\/users\/1"}],"replies":[{"embeddable":true,"href":"https:\/\/catolicanet.net\/wp-cnet\/wp-json\/wp\/v2\/comments?post=1763"}],"version-history":[{"count":1,"href":"https:\/\/catolicanet.net\/wp-cnet\/wp-json\/wp\/v2\/posts\/1763\/revisions"}],"predecessor-version":[{"id":6857,"href":"https:\/\/catolicanet.net\/wp-cnet\/wp-json\/wp\/v2\/posts\/1763\/revisions\/6857"}],"wp:featuredmedia":[{"embeddable":true,"href":"https:\/\/catolicanet.net\/wp-cnet\/wp-json\/wp\/v2\/media\/1762"}],"wp:attachment":[{"href":"https:\/\/catolicanet.net\/wp-cnet\/wp-json\/wp\/v2\/media?parent=1763"}],"wp:term":[{"taxonomy":"category","embeddable":true,"href":"https:\/\/catolicanet.net\/wp-cnet\/wp-json\/wp\/v2\/categories?post=1763"},{"taxonomy":"post_tag","embeddable":true,"href":"https:\/\/catolicanet.net\/wp-cnet\/wp-json\/wp\/v2\/tags?post=1763"}],"curies":[{"name":"wp","href":"https:\/\/api.w.org\/{rel}","templated":true}]}}