{"id":17604,"date":"2016-09-02T19:23:42","date_gmt":"2016-09-02T22:23:42","guid":{"rendered":"http:\/\/catolicanet.net\/wp-cnet\/2016\/09\/02\/africagabao-confrontos-apos-o-anuncio-da-vitoria-do-presidente-em-fim-de-mandato-ali-bongo-ondimba\/"},"modified":"2017-05-31T09:04:19","modified_gmt":"2017-05-31T12:04:19","slug":"africagabao-confrontos-apos-o-anuncio-da-vitoria-do-presidente-em-fim-de-mandato-ali-bongo-ondimba","status":"publish","type":"post","link":"https:\/\/catolicanet.net\/wp-cnet\/africagabao-confrontos-apos-o-anuncio-da-vitoria-do-presidente-em-fim-de-mandato-ali-bongo-ondimba\/","title":{"rendered":"\u00c1FRICA\/GAB\u00c3O &#8211; Confrontos ap\u00f3s o an\u00fancio da vit\u00f3ria do Presidente em fim de mandato, Ali Bongo Ondimba"},"content":{"rendered":"<p style=\"text-align: justify;\"><img decoding=\"async\" src=\"http:\/\/www.catolicanet.com.br\/images\/stories\/noticias\/primopiano_2323.jpg\" border=\"0\" align=\"left\" \/>Libreville (Ag\u00eancia Fides) &#8211; Pelo menos duas pessoas morreram e v\u00e1rias ficaram feridas, em Libreville, capital do Gab\u00e3o, na incurs\u00e3o da Pol\u00edcia na sede de Jean Ping, desafiante do presidente Ali Bongo Ondimba nas elei\u00e7\u00f5es presidenciais, ap\u00f3s o an\u00fancio da vit\u00f3ria do presidente na apura\u00e7\u00e3o de 27 de agosto.<br \/>Em 30 de agosto, a Comiss\u00e3o Eleitoral anunciou a vit\u00f3ria de Bongo com 49,80% dos votos \u00e0 frente de Jean Ping que obteve 48,23% e solicitou a contagem dos votos. A Fran\u00e7a, a Uni\u00e3o Europeia e os Estados Unidos pediram a publica\u00e7\u00e3o dos resultados de todos em rela\u00e7\u00e3o \u00e0s 2.500 se\u00e7\u00f5es.<br \/>Ap\u00f3s o an\u00fancio da derrota de Ping, na capital do Gab\u00e3o houve saques e confrontos entre manifestantes e policiais que terminaram com um ataque ao edif\u00edcio da Assembleia Nacional, que foi incendiado. As principais ruas de Libreville carregam as cicatrizes dos conflitos, com carros incendiados, restos de barricadas e os sinais dos edif\u00edcios atacados. A Pol\u00edcia e a Gendarmaria patrulham a capital com carros blindados, e linhas telef\u00f4nicas e a internet foram cortadas.<br \/>A Pol\u00edcia justificou o ataque contra a sede de Ping, afirmando que ali os respons\u00e1veis pelo inc\u00eandio na Assembleia Nacional tinham encontrado ref\u00fagio.<br \/>Na v\u00e9spera das elei\u00e7\u00f5es Dom Mathieu Madega Lebouakehan, Bispo de Mouila e Presidente da Confer\u00eancia Episcopal do Gab\u00e3o, convidou todos a considerar as elei\u00e7\u00f5es &#8220;como um acontecimento importante que ficar\u00e1 registrado nos anais da hist\u00f3ria, e que pa\u00eds precisa da ajuda de Deus&#8221;. A Igreja organizou at\u00e9 o dia 26 de agosto, a ora\u00e7\u00e3o do Ros\u00e1rio em todas as par\u00f3quias para pedir a intercess\u00e3o de Maria, e depois a missa para invocar a paz e o perd\u00e3o para todos os habitantes do pa\u00eds.<\/p>\n<p style=\"text-align: justify;\">\u00a0<\/p>\n<p style=\"text-align: justify;\">Fonte: Ag\u00eancia Fides<\/p>\n","protected":false},"excerpt":{"rendered":"<p>Libreville (Ag\u00eancia Fides) &#8211; Pelo menos duas pessoas morreram e v\u00e1rias ficaram feridas, em Libreville, capital do Gab\u00e3o, na incurs\u00e3o da Pol\u00edcia na sede de Jean Ping, desafiante do presidente Ali Bongo Ondimba nas elei\u00e7\u00f5es presidenciais, ap\u00f3s o an\u00fancio da vit\u00f3ria do presidente na apura\u00e7\u00e3o de 27 de agosto.Em 30 de agosto, a Comiss\u00e3o Eleitoral [&hellip;]<\/p>\n","protected":false},"author":1,"featured_media":17603,"comment_status":"open","ping_status":"open","sticky":false,"template":"","format":"standard","meta":{"footnotes":""},"categories":[4],"tags":[],"class_list":["post-17604","post","type-post","status-publish","format-standard","has-post-thumbnail","hentry","category-cotidiano"],"_links":{"self":[{"href":"https:\/\/catolicanet.net\/wp-cnet\/wp-json\/wp\/v2\/posts\/17604","targetHints":{"allow":["GET"]}}],"collection":[{"href":"https:\/\/catolicanet.net\/wp-cnet\/wp-json\/wp\/v2\/posts"}],"about":[{"href":"https:\/\/catolicanet.net\/wp-cnet\/wp-json\/wp\/v2\/types\/post"}],"author":[{"embeddable":true,"href":"https:\/\/catolicanet.net\/wp-cnet\/wp-json\/wp\/v2\/users\/1"}],"replies":[{"embeddable":true,"href":"https:\/\/catolicanet.net\/wp-cnet\/wp-json\/wp\/v2\/comments?post=17604"}],"version-history":[{"count":1,"href":"https:\/\/catolicanet.net\/wp-cnet\/wp-json\/wp\/v2\/posts\/17604\/revisions"}],"predecessor-version":[{"id":25313,"href":"https:\/\/catolicanet.net\/wp-cnet\/wp-json\/wp\/v2\/posts\/17604\/revisions\/25313"}],"wp:featuredmedia":[{"embeddable":true,"href":"https:\/\/catolicanet.net\/wp-cnet\/wp-json\/wp\/v2\/media\/17603"}],"wp:attachment":[{"href":"https:\/\/catolicanet.net\/wp-cnet\/wp-json\/wp\/v2\/media?parent=17604"}],"wp:term":[{"taxonomy":"category","embeddable":true,"href":"https:\/\/catolicanet.net\/wp-cnet\/wp-json\/wp\/v2\/categories?post=17604"},{"taxonomy":"post_tag","embeddable":true,"href":"https:\/\/catolicanet.net\/wp-cnet\/wp-json\/wp\/v2\/tags?post=17604"}],"curies":[{"name":"wp","href":"https:\/\/api.w.org\/{rel}","templated":true}]}}