{"id":17592,"date":"2016-09-02T18:51:48","date_gmt":"2016-09-02T21:51:48","guid":{"rendered":"http:\/\/catolicanet.net\/wp-cnet\/2016\/09\/02\/a-igreja-abre-as-portas-as-vitimas-do-terremoto\/"},"modified":"2017-05-29T16:02:53","modified_gmt":"2017-05-29T19:02:53","slug":"a-igreja-abre-as-portas-as-vitimas-do-terremoto","status":"publish","type":"post","link":"https:\/\/catolicanet.net\/wp-cnet\/a-igreja-abre-as-portas-as-vitimas-do-terremoto\/","title":{"rendered":"A igreja abre as portas \u00e0s v\u00edtimas do terremoto"},"content":{"rendered":"<p style=\"text-align: justify;\"><img decoding=\"async\" src=\"http:\/\/www.catolicanet.com.br\/images\/stories\/noticias\/ansa1056915_articolo.jpg\" border=\"0\" align=\"left\" \/>Amatrice (RV) &#8211; Em breve as crian\u00e7as ter\u00e3o o seu jardim de volta. Os jogos est\u00e3o guardados desde junho, \u00faltimo dia que elas estiveram no Jardim de Inf\u00e2ncia.\u00a0 Entre a sombra dos pinheiros e os bancos do jardim do Instituto das Irm\u00e3s do Divino Amor, algumas pessoas conversam, outros leem e outros contam as suas hist\u00f3rias.<\/p>\n<p>Desde o terremoto de 24 de agosto elas est\u00e3o alojadas em salas que normalmente s\u00e3o dedicadas \u00e0 acolhida dos peregrinos do Caminho de S\u00e3o Francisco. Elas veem de pequenos vilarejos pouco conhecidos, entre eles est\u00e3o tamb\u00e9m v\u00edtimas do terremoto em Accumoli.<\/p>\n<p>Provid\u00eancia<\/p>\n<p>A superiora e cinco irm\u00e3s n\u00e3o pedem nada aos h\u00f3spedes, a sua tarefa \u00e9 somente dar serenidade em um momento dif\u00edcil. Antes de abrirem as portas abriram o cora\u00e7\u00e3o ao sofrimento de quem n\u00e3o tem mais nada, &#8220;para n\u00e3o ferir mais quem j\u00e1 est\u00e1 ferido&#8221;, simplesmente com o sil\u00eancio da ternura. Como aquela do Padre Armando, que chegou de Benevento um dia antes do terremoto como um peregrino. As v\u00edtimas confiam \u00e0 ele seus pensamentos, sentimentos, mas ele n\u00e3o acredita que est\u00e1 fazendo algo extraordin\u00e1rio: &#8220;Eis o meu Jubileu da Miseric\u00f3rdia&#8221;.<\/p>\n<p>Na cozinha do instituto chegam doa\u00e7\u00f5es da Caritas, refei\u00e7\u00f5es dos pobres de Santa Clara. &#8220;Aqui ningu\u00e9m pede nada porque a Provid\u00eancia chega.&#8221;<\/p>\n<p>Irm\u00e3 Luigina n\u00e3o se preocupa com a comida, mas sim em ter sempre as portas e os bra\u00e7os abertos para acolher quem bate. Ela diz: &#8220;nascemos para amar&#8221;, sobretudo quando tem a sua frente pessoas como Giovanni (90 anos), Lidovina (85 anos) de cadeira de rodas e duas filhas com problemas mentais. Deles as irm\u00e3s n\u00e3o querem se separar. A fam\u00edlia espera poder voltar para casa, mas sabe que precisa ter paci\u00eancia.<\/p>\n<p>O que mais encanta as irm\u00e3s \u00e9 a dignidade e a for\u00e7a dos carinhosamente chamados por elas\u00a0 &#8216;peregrinos do terremoto&#8217; .<\/p>\n<p>Acolhida<\/p>\n<p>Como elas, muitas portas de institutos religiosos foram abertas: as irm\u00e3s de Santa Catarina, Oblatos do Menino Jesus, Frades menores do Santu\u00e1rio de Greccio. E tamb\u00e9m a Igreja Adventista do S\u00e9timo dia que abriu o seu centro para acolher 13 mu\u00e7ulmanos provenientes da Alb\u00e2nia, Kossovo e Maced\u00f4nia e que desde os anos 90 estavam em Amatrice.<\/p>\n<p>No sal\u00e3o, 5 crian\u00e7as preparam um pequeno doce para a festa de Zac, maced\u00f4nio que no dia 02 de setembro completa\u00a0 37 anos. Todos est\u00e3o preparando a sua festa e ele continua a dizer que deseja voltar a Amatrice para ajudar, &#8220;n\u00e3o consigo ficar aqui sabendo que tem tantas coisas para fazer l\u00e1 com a minha gente&#8221;, conta a uma das volunt\u00e1rias. A ideia de nunca mais voltar a Amatrice nem passa pela cabe\u00e7a de Zac, &#8220;\u00e9 a terra que me acolheu 20 anos atr\u00e1s, agora \u00e9 a minha casa&#8221;.<\/p>\n<p style=\"text-align: justify;\">\u00a0<\/p>\n<p style=\"text-align: justify;\">Fonte: R\u00e1dio Vaticano<\/p>\n","protected":false},"excerpt":{"rendered":"<p>Amatrice (RV) &#8211; Em breve as crian\u00e7as ter\u00e3o o seu jardim de volta. Os jogos est\u00e3o guardados desde junho, \u00faltimo dia que elas estiveram no Jardim de Inf\u00e2ncia.\u00a0 Entre a sombra dos pinheiros e os bancos do jardim do Instituto das Irm\u00e3s do Divino Amor, algumas pessoas conversam, outros leem e outros contam as suas [&hellip;]<\/p>\n","protected":false},"author":1,"featured_media":17591,"comment_status":"open","ping_status":"open","sticky":false,"template":"","format":"standard","meta":{"footnotes":""},"categories":[4],"tags":[],"class_list":["post-17592","post","type-post","status-publish","format-standard","has-post-thumbnail","hentry","category-cotidiano"],"_links":{"self":[{"href":"https:\/\/catolicanet.net\/wp-cnet\/wp-json\/wp\/v2\/posts\/17592","targetHints":{"allow":["GET"]}}],"collection":[{"href":"https:\/\/catolicanet.net\/wp-cnet\/wp-json\/wp\/v2\/posts"}],"about":[{"href":"https:\/\/catolicanet.net\/wp-cnet\/wp-json\/wp\/v2\/types\/post"}],"author":[{"embeddable":true,"href":"https:\/\/catolicanet.net\/wp-cnet\/wp-json\/wp\/v2\/users\/1"}],"replies":[{"embeddable":true,"href":"https:\/\/catolicanet.net\/wp-cnet\/wp-json\/wp\/v2\/comments?post=17592"}],"version-history":[{"count":1,"href":"https:\/\/catolicanet.net\/wp-cnet\/wp-json\/wp\/v2\/posts\/17592\/revisions"}],"predecessor-version":[{"id":24218,"href":"https:\/\/catolicanet.net\/wp-cnet\/wp-json\/wp\/v2\/posts\/17592\/revisions\/24218"}],"wp:featuredmedia":[{"embeddable":true,"href":"https:\/\/catolicanet.net\/wp-cnet\/wp-json\/wp\/v2\/media\/17591"}],"wp:attachment":[{"href":"https:\/\/catolicanet.net\/wp-cnet\/wp-json\/wp\/v2\/media?parent=17592"}],"wp:term":[{"taxonomy":"category","embeddable":true,"href":"https:\/\/catolicanet.net\/wp-cnet\/wp-json\/wp\/v2\/categories?post=17592"},{"taxonomy":"post_tag","embeddable":true,"href":"https:\/\/catolicanet.net\/wp-cnet\/wp-json\/wp\/v2\/tags?post=17592"}],"curies":[{"name":"wp","href":"https:\/\/api.w.org\/{rel}","templated":true}]}}