{"id":17582,"date":"2016-09-02T18:23:49","date_gmt":"2016-09-02T21:23:49","guid":{"rendered":"http:\/\/catolicanet.net\/wp-cnet\/2016\/09\/02\/papa-recebe-jogadores-do-roma-e-do-time-argentino-sao-lourenco\/"},"modified":"2017-06-02T13:08:09","modified_gmt":"2017-06-02T16:08:09","slug":"papa-recebe-jogadores-do-roma-e-do-time-argentino-sao-lourenco","status":"publish","type":"post","link":"https:\/\/catolicanet.net\/wp-cnet\/papa-recebe-jogadores-do-roma-e-do-time-argentino-sao-lourenco\/","title":{"rendered":"Papa recebe jogadores do Roma e do time argentino S\u00e3o Louren\u00e7o"},"content":{"rendered":"<p style=\"text-align: justify;\"><img decoding=\"async\" src=\"http:\/\/www.catolicanet.com.br\/images\/stories\/papas\/ansa1060910_articolo.jpg\" border=\"0\" align=\"left\" \/>Cidade do Vaticano (RV) &#8211; O Papa Francisco recebeu em audi\u00eancia esta sexta-feira (02\/09) na Sala Clementina, no Vaticano, os jogadores de futebol do Roma e do S\u00e3o Louren\u00e7o, o clube argentino para o qual sempre torceu, e que este s\u00e1bado, \u00e0s 18h locais, far\u00e3o um amistoso no Est\u00e1dio Ol\u00edmpico da capital italiana. A arrecada\u00e7\u00e3o ser\u00e1 destinada \u00e0s popula\u00e7\u00f5es das regi\u00f5es das Marcas e do L\u00e1cio, atingidas pelo recente terremoto que em 24 de agosto abalou o centro da It\u00e1lia.<\/p>\n<p>Tratou-se de um encontro alegre e descontra\u00eddo, muito informal. Estiveram presentes, entre outros, o jogador s\u00edmbolo do Roma, Totti, e os argentinos que jogam no clube romano, bem como os jogadores do S\u00e3o Loure\u00e7o, exceto os que foram convocados pelas respectivas sele\u00e7\u00f5es nacionais. Os times estiveram acompanhados de seus t\u00e9cnicos e dirigentes.<\/p>\n<p>O amistoso insere-se na \u201cFesta da Fam\u00edlia\u201d que a sociedade esportiva romana quis organizar no \u00e2mbito dos eventos para o Jubileu da Miseric\u00f3rdia.<\/p>\n<p>O presidente do Pontif\u00edcio Conselho para Promo\u00e7\u00e3o da Nova Evangeliza\u00e7\u00e3o, Dom Rino Fisichella, introduziu o encontro recordando a finalidade da inciativa em favor dos atingidos pelo terremoto.<\/p>\n<p>O Santo Padre agradeceu veementemente por esse gesto concreto de proximidade aos que sofrem neste momento. Francisco quis saudar os jogadores, um por um, trocando com eles algumas palavras.<\/p>\n<p>Por sua vez, os jogadores do Roma deram ao Papa uma camisa especial a ele dedicada com o logotipo oficial do Jubileu da Miseric\u00f3rdia junto com o emblema do clube, tendo escrito o nome Francisco e o n\u00famero 1.<\/p>\n<p>O Pont\u00edfice recebeu a camisa com alegria e a autografou para ser leiloada e o valor doado para ajudar nas emerg\u00eancias p\u00f3s- terremoto. A partida deste s\u00e1bado no Est\u00e1dio Ol\u00edmpico concluir\u00e1 um dia repleto de iniciativas destinadas \u00e0s crian\u00e7as e a seus pais, cujas atividades se realizar\u00e3o a partir do meio-dia na zona do \u201cForo Italico\u201d.<\/p>\n<p style=\"text-align: justify;\">\u00a0<\/p>\n<p style=\"text-align: justify;\">Fonte: R\u00e1dio Vaticano<\/p>\n","protected":false},"excerpt":{"rendered":"<p>Cidade do Vaticano (RV) &#8211; O Papa Francisco recebeu em audi\u00eancia esta sexta-feira (02\/09) na Sala Clementina, no Vaticano, os jogadores de futebol do Roma e do S\u00e3o Louren\u00e7o, o clube argentino para o qual sempre torceu, e que este s\u00e1bado, \u00e0s 18h locais, far\u00e3o um amistoso no Est\u00e1dio Ol\u00edmpico da capital italiana. A arrecada\u00e7\u00e3o [&hellip;]<\/p>\n","protected":false},"author":1,"featured_media":17581,"comment_status":"open","ping_status":"open","sticky":false,"template":"","format":"standard","meta":{"footnotes":""},"categories":[3],"tags":[],"class_list":["post-17582","post","type-post","status-publish","format-standard","has-post-thumbnail","hentry","category-vaticano"],"_links":{"self":[{"href":"https:\/\/catolicanet.net\/wp-cnet\/wp-json\/wp\/v2\/posts\/17582","targetHints":{"allow":["GET"]}}],"collection":[{"href":"https:\/\/catolicanet.net\/wp-cnet\/wp-json\/wp\/v2\/posts"}],"about":[{"href":"https:\/\/catolicanet.net\/wp-cnet\/wp-json\/wp\/v2\/types\/post"}],"author":[{"embeddable":true,"href":"https:\/\/catolicanet.net\/wp-cnet\/wp-json\/wp\/v2\/users\/1"}],"replies":[{"embeddable":true,"href":"https:\/\/catolicanet.net\/wp-cnet\/wp-json\/wp\/v2\/comments?post=17582"}],"version-history":[{"count":1,"href":"https:\/\/catolicanet.net\/wp-cnet\/wp-json\/wp\/v2\/posts\/17582\/revisions"}],"predecessor-version":[{"id":28395,"href":"https:\/\/catolicanet.net\/wp-cnet\/wp-json\/wp\/v2\/posts\/17582\/revisions\/28395"}],"wp:featuredmedia":[{"embeddable":true,"href":"https:\/\/catolicanet.net\/wp-cnet\/wp-json\/wp\/v2\/media\/17581"}],"wp:attachment":[{"href":"https:\/\/catolicanet.net\/wp-cnet\/wp-json\/wp\/v2\/media?parent=17582"}],"wp:term":[{"taxonomy":"category","embeddable":true,"href":"https:\/\/catolicanet.net\/wp-cnet\/wp-json\/wp\/v2\/categories?post=17582"},{"taxonomy":"post_tag","embeddable":true,"href":"https:\/\/catolicanet.net\/wp-cnet\/wp-json\/wp\/v2\/tags?post=17582"}],"curies":[{"name":"wp","href":"https:\/\/api.w.org\/{rel}","templated":true}]}}