{"id":17565,"date":"2016-09-01T19:22:16","date_gmt":"2016-09-01T22:22:16","guid":{"rendered":"http:\/\/catolicanet.net\/wp-cnet\/2016\/09\/01\/eleito-administrador-diocesano-de-uruguaiana\/"},"modified":"2017-05-26T14:52:40","modified_gmt":"2017-05-26T17:52:40","slug":"eleito-administrador-diocesano-de-uruguaiana","status":"publish","type":"post","link":"https:\/\/catolicanet.net\/wp-cnet\/eleito-administrador-diocesano-de-uruguaiana\/","title":{"rendered":"Eleito administrador diocesano de Uruguaiana"},"content":{"rendered":"<p style=\"text-align: justify;\"><img decoding=\"async\" src=\"http:\/\/www.catolicanet.com.br\/images\/stories\/padres\/padreflavio.jpg\" border=\"0\" align=\"left\" \/>Padre Fl\u00e1vio Bord\u00e3o Soares foi escolhido pelo Col\u00e9gio de Consultores da diocese<\/p>\n<p>O Col\u00e9gio de Consultores da diocese de Uruguaiana (RS) elegeu, na quarta-feira, 31, padre Fl\u00e1vio Bord\u00e3o Soares como administrador diocesano. A Igreja Particular estava vacante desde a transfer\u00eancia de dom Alo\u00edsio Alberto Dilli para a diocese de Santa Cruz do Sul (RS). <\/p>\n<p>Padre Fl\u00e1vio Bord\u00e3o Soares foi ordenado p\u00e1roco no dia 22 de julho de 1990. Como administrador diocesano, o presb\u00edtero vai trabalhar junto com o Col\u00e9gio de Consultores, administrando a diocese at\u00e9 a indica\u00e7\u00e3o de um novo bispo. <\/p>\n<p><\/p>\n<p style=\"text-align: justify;\">Fonte: CNBB<\/p>\n","protected":false},"excerpt":{"rendered":"<p>Padre Fl\u00e1vio Bord\u00e3o Soares foi escolhido pelo Col\u00e9gio de Consultores da diocese O Col\u00e9gio de Consultores da diocese de Uruguaiana (RS) elegeu, na quarta-feira, 31, padre Fl\u00e1vio Bord\u00e3o Soares como administrador diocesano. A Igreja Particular estava vacante desde a transfer\u00eancia de dom Alo\u00edsio Alberto Dilli para a diocese de Santa Cruz do Sul (RS). Padre [&hellip;]<\/p>\n","protected":false},"author":1,"featured_media":17564,"comment_status":"open","ping_status":"open","sticky":false,"template":"","format":"standard","meta":{"footnotes":""},"categories":[7],"tags":[],"class_list":["post-17565","post","type-post","status-publish","format-standard","has-post-thumbnail","hentry","category-cnbb"],"_links":{"self":[{"href":"https:\/\/catolicanet.net\/wp-cnet\/wp-json\/wp\/v2\/posts\/17565","targetHints":{"allow":["GET"]}}],"collection":[{"href":"https:\/\/catolicanet.net\/wp-cnet\/wp-json\/wp\/v2\/posts"}],"about":[{"href":"https:\/\/catolicanet.net\/wp-cnet\/wp-json\/wp\/v2\/types\/post"}],"author":[{"embeddable":true,"href":"https:\/\/catolicanet.net\/wp-cnet\/wp-json\/wp\/v2\/users\/1"}],"replies":[{"embeddable":true,"href":"https:\/\/catolicanet.net\/wp-cnet\/wp-json\/wp\/v2\/comments?post=17565"}],"version-history":[{"count":1,"href":"https:\/\/catolicanet.net\/wp-cnet\/wp-json\/wp\/v2\/posts\/17565\/revisions"}],"predecessor-version":[{"id":23460,"href":"https:\/\/catolicanet.net\/wp-cnet\/wp-json\/wp\/v2\/posts\/17565\/revisions\/23460"}],"wp:featuredmedia":[{"embeddable":true,"href":"https:\/\/catolicanet.net\/wp-cnet\/wp-json\/wp\/v2\/media\/17564"}],"wp:attachment":[{"href":"https:\/\/catolicanet.net\/wp-cnet\/wp-json\/wp\/v2\/media?parent=17565"}],"wp:term":[{"taxonomy":"category","embeddable":true,"href":"https:\/\/catolicanet.net\/wp-cnet\/wp-json\/wp\/v2\/categories?post=17565"},{"taxonomy":"post_tag","embeddable":true,"href":"https:\/\/catolicanet.net\/wp-cnet\/wp-json\/wp\/v2\/tags?post=17565"}],"curies":[{"name":"wp","href":"https:\/\/api.w.org\/{rel}","templated":true}]}}