{"id":17554,"date":"2026-09-01T00:00:22","date_gmt":"2026-09-01T03:00:22","guid":{"rendered":"http:\/\/catolicanet.net\/wp-cnet\/2016\/09\/01\/santa-beatriz-exemplo-de-obediencia-e-assistencia-aos-pobres\/"},"modified":"2026-05-15T16:10:00","modified_gmt":"2026-05-15T19:10:00","slug":"santa-beatriz-exemplo-de-obediencia-e-assistencia-aos-pobres","status":"publish","type":"post","link":"https:\/\/catolicanet.net\/wp-cnet\/santa-beatriz-exemplo-de-obediencia-e-assistencia-aos-pobres\/","title":{"rendered":"Santa Beatriz \/ Santo Eg\u00eddio"},"content":{"rendered":"<p style=\"text-align: justify;\">Beatriz foi exemplo de obedi\u00eancia, pobreza, assist\u00eancia aos pobres, ora\u00e7\u00e3o e recolhimento<\/p>\n<p style=\"text-align: justify;\">Beatriz nasceu no S\u00e9culo XV em Ceuta, ao norte da \u00c1frica, cidade que nessa \u00e9poca se encontrava sob o dom\u00ednio da coroa de Portugal. Nasceu portuguesa, portanto. Seu pai foi governador de Ceuta. Ainda pequena mudou-se para Portugal com sua fam\u00edlia, que cultivou na menina uma profunda devo\u00e7\u00e3o a Nossa Senhora da Concei\u00e7\u00e3o. Aos vinte anos de idade foi enviada para a Espanha como dama de honra de D. Isabel, neta de D. Jo\u00e3o I, que tornou-se esposa do rei Jo\u00e3o II de Castela, onde come\u00e7ou seu calv\u00e1rio.<\/p>\n<p style=\"text-align: justify;\">Beatriz era muito bonita, e a rainha, dominada por uma mistura de ci\u00fame e inveja, fechou Beatriz em um caix\u00e3o durante dias, a fim de que morresse asfixiada, mas uma invis\u00edvel prote\u00e7\u00e3o da Virgem Maria a salvou.<\/p>\n<p style=\"text-align: justify;\">Como gesto concreto de agradecimento Santa Beatriz aceitou sua voca\u00e7\u00e3o para a vida religiosa, e logo em seguida partiu a Toledo, onde se recolheu no mosteiro das Dominicanas (ramo feminino da Ordem de S\u00e3o Domingos de Gusm\u00e3o), cujas religiosas viviam sob a regra cisterniense, onde viveu cerca de 30 anos.<\/p>\n<p style=\"text-align: justify;\">Mas Deus a tinha predestinado para uma obra maior: fundar uma Ordem de estrita clausura numa vida contemplativa na ora\u00e7\u00e3o, penit\u00eancia e trabalho.<\/p>\n<p style=\"text-align: justify;\">Santa Beatriz da Silva deixou o mosteiro dominicano e foi habitar numa nova sede que veio a ser o ber\u00e7o das monjas concepcionistas. Essa Ordem est\u00e1 caracterizada por tr\u00eas heran\u00e7as espirituais de Santa Beatriz: o amor \u00e0 Maria Imaculada, a Paix\u00e3o de Jesus Cristo e a Sant\u00edssima Eucaristia.<\/p>\n<p style=\"text-align: justify;\">Santa Beatriz faleceu a 09 de agosto de 1490 com 66 anos de idade. No momento de sua morte, seu rosto fora visto transfigurado por uma grande claridade e uma estrela resplandecente sobre sua cabe\u00e7a at\u00e9 ela expirar.<\/p>\n<p style=\"text-align: justify;\">Beatificada em 1926 pelo Papa Pio XI, sua canoniza\u00e7\u00e3o ocorreu no dia 03 de Outubro de 1976 por Paulo VI.<\/p>\n<p style=\"text-align: justify;\">Santa Beatriz, rogai por n\u00f3s!<\/p>\n<p style=\"text-align: justify;\">________________________________________________________________________<\/p>\n<h3 class=\"entry-title\" style=\"text-align: justify;\">Santo Eg\u00eddio<\/h3>\n<p style=\"text-align: justify;\"><img loading=\"lazy\" decoding=\"async\" class=\"alignleft\" src=\"http:\/\/cruzterrasanta.com.br\/_global\/_ssf\/ssf.aspx?d=\/_upload\/significados_de_santos\/&amp;arquivo=20151113110725-santo-egidio-banner.jpg\" alt=\"Resultado de imagem para santo egidio\" width=\"175\" height=\"263\" \/><\/p>\n<p style=\"text-align: justify;\">O nome Eg\u00eddio \u00e9 muito querido entre os franciscanos, porque existem v\u00e1rios bem-aventurados com este nome na Ordem. O mais conhecido entre eles, celebrado a 23 de abril, \u00e9 o amigo de S\u00e3o Francisco, o c\u00e2ndido frei Eg\u00eddio, que da sua origem de campon\u00eas tinha conservado a operosidade e a sabedoria, constantemente invadida pela perfeita alegria e pelo dom da penetra\u00e7\u00e3o. Mas o santo de hoje, muito popular na Fran\u00e7a, n\u00e3o pertence \u00e0 fam\u00edlia franciscana, uma vez que viveu muitos anos antes de S\u00e3o Francisco.<\/p>\n<p style=\"text-align: justify;\">A \u00e9poca em que viveu o abade Eg\u00eddio n\u00e3o se sabe com certeza. Alguns historiadores identificam-no com o Eg\u00eddio mandado a Roma por S\u00e3o Ces\u00e1rio de Arles no in\u00edcio do s\u00e9culo VI, outros colocam-no um s\u00e9culo e meio mais tarde e outros ainda datam sua morte entre 720 e 740. A lenda neste caso n\u00e3o nos vem ajudar, pois entre os v\u00e1rios epis\u00f3dios da vida do santo encontramos tamb\u00e9m aquele que \u00e9 ilustrado por dois vitrais e por uma escultura no portal da catedral de Chartres, na qual aparece Santo Eg\u00eddio enquanto celebrava a missa e obt\u00e9m o perd\u00e3o de um pecado que o imperador Carlos Magno (768-814) n\u00e3o tinha ousado confessar a nenhum sacerdote.<\/p>\n<p style=\"text-align: justify;\">O t\u00famulo do santo, venerado em uma abadia da regi\u00e3o de Nimes, remonta provavelmente \u00e0 \u00e9poca merov\u00edngia, embora a inscri\u00e7\u00e3o n\u00e3o seja anterior ao s\u00e9culo X, data em que foi tamb\u00e9m composta a vida do santo abade. Entre as narra\u00e7\u00f5es que mais t\u00eam contribu\u00eddo para a popularidade do santo est\u00e1 aquela da cor\u00e7a enviada por Deus para levar leite ao piedoso eremita, que havia muitos anos vivia num bosque, distante do conv\u00edvio humano. Um dia a ben\u00e9fica cor\u00e7a complicou-se numa ca\u00e7ada onde estava o rei em pessoa. O ca\u00e7ador real perseguiu a presa, mas no instante de atirar a flecha n\u00e3o percebeu que o animal amedrontado estava j\u00e1 aos p\u00e9s do eremita. Assim a flechada destinada ao manso quadr\u00fapede feriu, ainda que de leve, o piedoso anacoreta.<\/p>\n<p style=\"text-align: justify;\">O incidente teve uma sequ\u00eancia que facilmente intu\u00edmos: o rei tornou-se amigo de Eg\u00eddio, obteve o perd\u00e3o dando-lhe de presente todo aquele terreno, no qual mais tarde surgiu uma grande abadia. Aqui o bom ermit\u00e3o, em troca da solid\u00e3o perdida irremediavelmente, teve o conforto de ver prosperar uma ativa comunidade de monges, dos quais Eg\u00eddio foi o abade. Numerosos s\u00e3o os testemunhos do seu culto na Fran\u00e7a, B\u00e9lgica e Holanda, onde \u00e9 invocado contra a convuls\u00e3o da febre, contra o medo e contra a loucura.<\/p>\n<p style=\"text-align: justify;\">Santo Eg\u00eddio, rogai por n\u00f3s!<\/p>\n<p>&nbsp;<\/p>\n","protected":false},"excerpt":{"rendered":"<p>Beatriz foi exemplo de obedi\u00eancia, pobreza, assist\u00eancia aos pobres, ora\u00e7\u00e3o e recolhimento Beatriz nasceu no S\u00e9culo XV em Ceuta, ao norte da \u00c1frica, cidade que nessa \u00e9poca se encontrava sob o dom\u00ednio da coroa de Portugal. Nasceu portuguesa, portanto. Seu pai foi governador de Ceuta. Ainda pequena mudou-se para Portugal com sua fam\u00edlia, que cultivou [&hellip;]<\/p>\n","protected":false},"author":1,"featured_media":22826,"comment_status":"open","ping_status":"open","sticky":false,"template":"","format":"standard","meta":{"footnotes":""},"categories":[32],"tags":[],"class_list":["post-17554","post","type-post","status-publish","format-standard","has-post-thumbnail","hentry","category-santo-do-dia"],"_links":{"self":[{"href":"https:\/\/catolicanet.net\/wp-cnet\/wp-json\/wp\/v2\/posts\/17554","targetHints":{"allow":["GET"]}}],"collection":[{"href":"https:\/\/catolicanet.net\/wp-cnet\/wp-json\/wp\/v2\/posts"}],"about":[{"href":"https:\/\/catolicanet.net\/wp-cnet\/wp-json\/wp\/v2\/types\/post"}],"author":[{"embeddable":true,"href":"https:\/\/catolicanet.net\/wp-cnet\/wp-json\/wp\/v2\/users\/1"}],"replies":[{"embeddable":true,"href":"https:\/\/catolicanet.net\/wp-cnet\/wp-json\/wp\/v2\/comments?post=17554"}],"version-history":[{"count":4,"href":"https:\/\/catolicanet.net\/wp-cnet\/wp-json\/wp\/v2\/posts\/17554\/revisions"}],"predecessor-version":[{"id":51864,"href":"https:\/\/catolicanet.net\/wp-cnet\/wp-json\/wp\/v2\/posts\/17554\/revisions\/51864"}],"wp:featuredmedia":[{"embeddable":true,"href":"https:\/\/catolicanet.net\/wp-cnet\/wp-json\/wp\/v2\/media\/22826"}],"wp:attachment":[{"href":"https:\/\/catolicanet.net\/wp-cnet\/wp-json\/wp\/v2\/media?parent=17554"}],"wp:term":[{"taxonomy":"category","embeddable":true,"href":"https:\/\/catolicanet.net\/wp-cnet\/wp-json\/wp\/v2\/categories?post=17554"},{"taxonomy":"post_tag","embeddable":true,"href":"https:\/\/catolicanet.net\/wp-cnet\/wp-json\/wp\/v2\/tags?post=17554"}],"curies":[{"name":"wp","href":"https:\/\/api.w.org\/{rel}","templated":true}]}}