{"id":17531,"date":"2016-08-31T19:31:46","date_gmt":"2016-08-31T22:31:46","guid":{"rendered":"http:\/\/catolicanet.net\/wp-cnet\/2016\/08\/31\/oracao-a-nossa-senhora-num-mundo-que-treme-e-desaba\/"},"modified":"2017-05-31T09:05:50","modified_gmt":"2017-05-31T12:05:50","slug":"oracao-a-nossa-senhora-num-mundo-que-treme-e-desaba","status":"publish","type":"post","link":"https:\/\/catolicanet.net\/wp-cnet\/oracao-a-nossa-senhora-num-mundo-que-treme-e-desaba\/","title":{"rendered":"Ora\u00e7\u00e3o a Nossa Senhora num mundo que treme e desaba"},"content":{"rendered":"<p style=\"text-align: justify;\"><img decoding=\"async\" src=\"http:\/\/www.catolicanet.com.br\/images\/stories\/noticias\/maria-estatua.jpg\" border=\"0\" align=\"left\" \/>&#8220;Tu, por\u00e9m, \u00f3 M\u00e3e Sant\u00edssima, pega-nos pela m\u00e3o e leva-nos a Ele!&#8221;<\/p>\n<p>\u00d3 Sant\u00edssima Rainha do C\u00e9u e da terra,<\/p>\n<p>Tu, M\u00e3e, que, sob teus p\u00e9s sentiste a terra tremer quando estavas ao p\u00e9 da Cruz de Jesus, teu Filho, e a espada de dor transpassava a tua alma para te tornares a m\u00e3e de todos os viventes, socorre os teus filhos que gemem, assustados, com os tremores do mundo.<\/p>\n<p>Retumba a terra em violentos rugidos; desmoronam em torno de n\u00f3s o presente e o passado, e as nossas almas perdidas se perguntam: \u201cQue \u00e9 o homem, Senhor, para dele te lembrares?\u201d.<\/p>\n<p>Feito \u00e0 imagem e semelhan\u00e7a de Deus e circundado de gl\u00f3ria, ele devorou, como um filho dissoluto, os tesouros do Pai; traiu o amor de Jesus; calou a voz do Esp\u00edrito Santo; fez por merecer o castigo divino.<\/p>\n<p>Tu, por\u00e9m, \u00f3 M\u00e3e Sant\u00edssima, cheia de gra\u00e7a e de miseric\u00f3rdia, intercede por n\u00f3s junto a teu Filho: pega-nos pela m\u00e3o e leva-nos a Ele, para que converta o nosso cora\u00e7\u00e3o e perdoe os nossos pecados.<\/p>\n<p>Livres de inquieta\u00e7\u00e3o e desespero, tenhamos a gra\u00e7a de seguir o caminho da salva\u00e7\u00e3o e de cantar para sempre, junto contigo, \u00f3 M\u00e3e, as maravilhas de Deus. Am\u00e9m.<\/p>\n<p>Gl\u00f3ria ao Pai, ao Filho e ao Esp\u00edrito Santo, como era no princ\u00edpio, agora e sempre. Am\u00e9m.<\/p>\n<p style=\"text-align: justify;\">\u00a0<\/p>\n<p style=\"text-align: justify;\">Fonte: Aleteia<\/p>\n","protected":false},"excerpt":{"rendered":"<p>&#8220;Tu, por\u00e9m, \u00f3 M\u00e3e Sant\u00edssima, pega-nos pela m\u00e3o e leva-nos a Ele!&#8221; \u00d3 Sant\u00edssima Rainha do C\u00e9u e da terra, Tu, M\u00e3e, que, sob teus p\u00e9s sentiste a terra tremer quando estavas ao p\u00e9 da Cruz de Jesus, teu Filho, e a espada de dor transpassava a tua alma para te tornares a m\u00e3e de [&hellip;]<\/p>\n","protected":false},"author":1,"featured_media":17530,"comment_status":"open","ping_status":"open","sticky":false,"template":"","format":"standard","meta":{"footnotes":""},"categories":[4],"tags":[],"class_list":["post-17531","post","type-post","status-publish","format-standard","has-post-thumbnail","hentry","category-cotidiano"],"_links":{"self":[{"href":"https:\/\/catolicanet.net\/wp-cnet\/wp-json\/wp\/v2\/posts\/17531","targetHints":{"allow":["GET"]}}],"collection":[{"href":"https:\/\/catolicanet.net\/wp-cnet\/wp-json\/wp\/v2\/posts"}],"about":[{"href":"https:\/\/catolicanet.net\/wp-cnet\/wp-json\/wp\/v2\/types\/post"}],"author":[{"embeddable":true,"href":"https:\/\/catolicanet.net\/wp-cnet\/wp-json\/wp\/v2\/users\/1"}],"replies":[{"embeddable":true,"href":"https:\/\/catolicanet.net\/wp-cnet\/wp-json\/wp\/v2\/comments?post=17531"}],"version-history":[{"count":1,"href":"https:\/\/catolicanet.net\/wp-cnet\/wp-json\/wp\/v2\/posts\/17531\/revisions"}],"predecessor-version":[{"id":25323,"href":"https:\/\/catolicanet.net\/wp-cnet\/wp-json\/wp\/v2\/posts\/17531\/revisions\/25323"}],"wp:featuredmedia":[{"embeddable":true,"href":"https:\/\/catolicanet.net\/wp-cnet\/wp-json\/wp\/v2\/media\/17530"}],"wp:attachment":[{"href":"https:\/\/catolicanet.net\/wp-cnet\/wp-json\/wp\/v2\/media?parent=17531"}],"wp:term":[{"taxonomy":"category","embeddable":true,"href":"https:\/\/catolicanet.net\/wp-cnet\/wp-json\/wp\/v2\/categories?post=17531"},{"taxonomy":"post_tag","embeddable":true,"href":"https:\/\/catolicanet.net\/wp-cnet\/wp-json\/wp\/v2\/tags?post=17531"}],"curies":[{"name":"wp","href":"https:\/\/api.w.org\/{rel}","templated":true}]}}