{"id":17521,"date":"2016-08-31T19:06:46","date_gmt":"2016-08-31T22:06:46","guid":{"rendered":"http:\/\/catolicanet.net\/wp-cnet\/2016\/08\/31\/asiaindia-dia-dos-martires-de-orissa-a-igreja-e-a-sociedade-civil-pedem-justica\/"},"modified":"2017-05-31T09:05:52","modified_gmt":"2017-05-31T12:05:52","slug":"asiaindia-dia-dos-martires-de-orissa-a-igreja-e-a-sociedade-civil-pedem-justica","status":"publish","type":"post","link":"https:\/\/catolicanet.net\/wp-cnet\/asiaindia-dia-dos-martires-de-orissa-a-igreja-e-a-sociedade-civil-pedem-justica\/","title":{"rendered":"\u00c1SIA\/\u00cdNDIA &#8211; Dia dos M\u00e1rtires de Orissa: a Igreja e a sociedade civil pedem justi\u00e7a"},"content":{"rendered":"<p style=\"text-align: justify;\"><img decoding=\"async\" src=\"http:\/\/www.catolicanet.com.br\/images\/stories\/noticias\/primopiano_2303.jpg\" border=\"0\" align=\"left\" \/>Bhubaneswar (Ag\u00eancia Fides) &#8211; Uma investiga\u00e7\u00e3o aprofundada e independente da Pol\u00edcia e da magistratura; ressarcimentos adequados que incluem Igrejas e organiza\u00e7\u00f5es humanit\u00e1rias; perseguir os funcion\u00e1rios do Governo e da Pol\u00edcia c\u00famplices da viol\u00eancia; liberta\u00e7\u00e3o de sete crist\u00e3os inocentes ainda na pris\u00e3o; medidas adequadas contra as for\u00e7as do fanatismo religioso que operam no distrito de Kandhamal; implementar um programa significativo de prote\u00e7\u00e3o das minorias; focalizar a sa\u00fade, educa\u00e7\u00e3o, comunica\u00e7\u00e3o e resolver os problemas de desemprego: estes s\u00e3o, conforme Fides, os pedidos principais do f\u00f3rum das igrejas e da sociedade civil no Estado de Orissa, difundidos no &#8220;Dia dos M\u00e1rtires&#8221;, comemorado pela comunidade cat\u00f3lica no Estado de Orissa, na \u00cdndia, em mem\u00f3ria aos massacres anticrist\u00e3os de 2008.<br \/>A Igreja celebra o &#8220;Dia dos M\u00e1rtires&#8221; em 30 de agosto de cada ano para recordar o sacrif\u00edcio de mais de 101 pessoas que perderam suas vidas durante os massacres perpetrados especialmente no distrito de Kandhamal. A viol\u00eancia de 2008 tamb\u00e9m causou a destrui\u00e7\u00e3o de 8.500 casas e 395 igrejas, enquanto os deslocados crist\u00e3os, expulsos para sempre de suas aldeias, foram mais de 56.000.<br \/>A quest\u00e3o da justi\u00e7a para as v\u00edtimas ainda est\u00e1 em aberto, oito anos depois: numa manifesta\u00e7\u00e3o maci\u00e7a realizada em Balliguda, no distrito de Khandamal, da qual participaram 15 mil pessoas, os presentes tamb\u00e9m pediram a cria\u00e7\u00e3o de uma Comiss\u00e3o para as Minorias em n\u00edvel estadual. Dentre os presentes, Jugal Kishore Ranjit, ativista pelos direitos das minorias, disse que &#8220;o sistema constitucional falhou completamente em Kandhamal&#8221;, enquanto o Parlamentar Sri Jacob Pradhan afirmou que &#8220;a celebra\u00e7\u00e3o do Dia da Independ\u00eancia se torna uma farsa se h\u00e1 cidad\u00e3os que n\u00e3o est\u00e3o desfrutando dos direitos e da liberdade&#8221;, apostrofando como&#8221; vergonhoso que o governo n\u00e3o publique os resultados de uma comiss\u00e3o de inqu\u00e9rito sobre o massacre de Kandhamal&#8221;.<br \/>Os manifestantes pediram unanimemente para \u201cderrotar as for\u00e7as que dividem as comunidades segundo casta e religi\u00e3o\u201d, enquanto foi recordado que o governo de Orissa n\u00e3o respeitou a disposi\u00e7\u00e3o de conceder terrenos florestais para as fam\u00edlias tribais crist\u00e3s desalojadas. Vendo Kandhamal ap\u00f3s 8 anos das viol\u00eancias, as mudan\u00e7as s\u00e3o poucas e ainda se aguarda justi\u00e7a para os sobreviventes. Os l\u00edderes civis e religiosos em Balliguda assinaram uma declara\u00e7\u00e3o e um apelo ao governo para que promova justi\u00e7a, paz e harmonia.<\/p>\n<p style=\"text-align: justify;\">\u00a0<\/p>\n<p style=\"text-align: justify;\">Fonte: Ag\u00eancia Fides<\/p>\n","protected":false},"excerpt":{"rendered":"<p>Bhubaneswar (Ag\u00eancia Fides) &#8211; Uma investiga\u00e7\u00e3o aprofundada e independente da Pol\u00edcia e da magistratura; ressarcimentos adequados que incluem Igrejas e organiza\u00e7\u00f5es humanit\u00e1rias; perseguir os funcion\u00e1rios do Governo e da Pol\u00edcia c\u00famplices da viol\u00eancia; liberta\u00e7\u00e3o de sete crist\u00e3os inocentes ainda na pris\u00e3o; medidas adequadas contra as for\u00e7as do fanatismo religioso que operam no distrito de Kandhamal; [&hellip;]<\/p>\n","protected":false},"author":1,"featured_media":17520,"comment_status":"open","ping_status":"open","sticky":false,"template":"","format":"standard","meta":{"footnotes":""},"categories":[4],"tags":[],"class_list":["post-17521","post","type-post","status-publish","format-standard","has-post-thumbnail","hentry","category-cotidiano"],"_links":{"self":[{"href":"https:\/\/catolicanet.net\/wp-cnet\/wp-json\/wp\/v2\/posts\/17521","targetHints":{"allow":["GET"]}}],"collection":[{"href":"https:\/\/catolicanet.net\/wp-cnet\/wp-json\/wp\/v2\/posts"}],"about":[{"href":"https:\/\/catolicanet.net\/wp-cnet\/wp-json\/wp\/v2\/types\/post"}],"author":[{"embeddable":true,"href":"https:\/\/catolicanet.net\/wp-cnet\/wp-json\/wp\/v2\/users\/1"}],"replies":[{"embeddable":true,"href":"https:\/\/catolicanet.net\/wp-cnet\/wp-json\/wp\/v2\/comments?post=17521"}],"version-history":[{"count":1,"href":"https:\/\/catolicanet.net\/wp-cnet\/wp-json\/wp\/v2\/posts\/17521\/revisions"}],"predecessor-version":[{"id":25328,"href":"https:\/\/catolicanet.net\/wp-cnet\/wp-json\/wp\/v2\/posts\/17521\/revisions\/25328"}],"wp:featuredmedia":[{"embeddable":true,"href":"https:\/\/catolicanet.net\/wp-cnet\/wp-json\/wp\/v2\/media\/17520"}],"wp:attachment":[{"href":"https:\/\/catolicanet.net\/wp-cnet\/wp-json\/wp\/v2\/media?parent=17521"}],"wp:term":[{"taxonomy":"category","embeddable":true,"href":"https:\/\/catolicanet.net\/wp-cnet\/wp-json\/wp\/v2\/categories?post=17521"},{"taxonomy":"post_tag","embeddable":true,"href":"https:\/\/catolicanet.net\/wp-cnet\/wp-json\/wp\/v2\/tags?post=17521"}],"curies":[{"name":"wp","href":"https:\/\/api.w.org\/{rel}","templated":true}]}}