{"id":17517,"date":"2016-08-31T18:58:51","date_gmt":"2016-08-31T21:58:51","guid":{"rendered":"http:\/\/catolicanet.net\/wp-cnet\/2016\/08\/31\/mocambique-encerra-presidencia-da-troika-da-sadc\/"},"modified":"2017-06-02T11:19:00","modified_gmt":"2017-06-02T14:19:00","slug":"mocambique-encerra-presidencia-da-troika-da-sadc","status":"publish","type":"post","link":"https:\/\/catolicanet.net\/wp-cnet\/mocambique-encerra-presidencia-da-troika-da-sadc\/","title":{"rendered":"Mo\u00e7ambique encerra presid\u00eancia da Troika da SADC"},"content":{"rendered":"<p style=\"text-align: justify;\"><img decoding=\"async\" src=\"http:\/\/www.catolicanet.com.br\/images\/stories\/noticias\/epa1472194_articolo.jpg\" border=\"0\" align=\"left\" \/>Com efeito, o estadista mo\u00e7ambicano, Filipe Nyusi, apresentou no decurso da 36.\u00aa Cimeira da comunidade regional, o relat\u00f3rio da sua dire\u00e7\u00e3o do \u00f3rg\u00e3o que assumiu em 2015.<\/p>\n<p>Nyusi presidiu segunda-feira \u00e0 sua \u00faltima cimeira da Troika do \u00d3rg\u00e3o, com a participa\u00e7\u00e3o do seu hom\u00f3logo da \u00c1frica do Sul, Jacob Zuma, e da vice-presidente da Tanz\u00e2nia, Samia Suluhu Hassan, que representa o Presidente John Magufuli, na 36.\u00aa Cimeia da SADC.<\/p>\n<p>No encontro, realizado no Centro de Confer\u00eancias de Lozitha, localizado entre Mbabane, a capital do reino da Swazil\u00e2ndia, e Manzini, a segunda cidade do pa\u00eds, os l\u00edderes da Troika do \u00d3rg\u00e3o apreciaram e aprovaram o relat\u00f3rio que encerra o mandato de Mo\u00e7ambique.<\/p>\n<p>SADC aprecia positivamente a lideran\u00e7a de Mo\u00e7ambique<\/p>\n<p>Segundo o ministro mo\u00e7ambicano dos Neg\u00f3cios Estrangeiros e Coopera\u00e7\u00e3o, Oldmiro Baloi, o Presidente da Rep\u00fablica Filipe Nyusi fez uma interven\u00e7\u00e3o longa, detalhando aspectos da presid\u00eancia de Mo\u00e7ambique da Troika. <\/p>\n<p>\u201cAt\u00e9 agora, a aprecia\u00e7\u00e3o dos pa\u00edses-membros \u00e9 bastante positiva, quanto o que Mo\u00e7ambique p\u00f4de fazer durante um ano da sua lideran\u00e7a da Troika\u201d, acrescentou o chefe da diplomacia mo\u00e7ambicana, citado pelo jornal p\u00fablico o &#8220;not\u00edcias&#8221;.<\/p>\n<p>Entretanto, referindo-se \u00e0s cr\u00edticas de alguns setores sobre a ina\u00e7\u00e3o da SADC perante as crises da regi\u00e3o, Baloi esclareceu que \u201cas presid\u00eancias (da Troika do \u00d3rg\u00e3o) constituem um desafio muito grande. Um ano passa depressa e os dossiers de que o \u00d3rg\u00e3o trata s\u00e3o complexos, pesados e o seu tratamento lento\u201d.<\/p>\n<p>Um ano de muitos desafios na Troika<\/p>\n<p>\u201cN\u00f3s iniciamos umas coisas, conclu\u00edmos outros processos que outras presid\u00eancias realizaram. \u00c9 uma prova de estafetas. Recebemos um testemunho e agora vamos passar o testemunho, mas o percurso que fizemos est\u00e1 a ser apreciado positivamente e isto nos deixa satisfeitos\u201d, disse o ministro dos Neg\u00f3cios Estrangeiros e Coopera\u00e7\u00e3o. <\/p>\n<p>Refira-se que Mo\u00e7ambique deixa a presid\u00eancia, mas continuar\u00e1 na Troika do \u00d3rg\u00e3o, na qualidade de presidente cessante, deixando de fora a \u00c1frica do Sul at\u00e9 ent\u00e3o vice-presidente da Troika da SADC para Coopera\u00e7\u00e3o nas \u00e1reas de Pol\u00edtica, Defesa e Seguran\u00e7a. A Cimeira da SADC a decorrer na Suazil\u00e2ndia, termina esta quarta-feira, 31.<\/p>\n<p>Herm\u00ednio Jos\u00e9, Maputo.<\/p>\n<p style=\"text-align: justify;\">\u00a0<\/p>\n<p style=\"text-align: justify;\">Fonte: R\u00e1dio Vaticano<\/p>\n","protected":false},"excerpt":{"rendered":"<p>Com efeito, o estadista mo\u00e7ambicano, Filipe Nyusi, apresentou no decurso da 36.\u00aa Cimeira da comunidade regional, o relat\u00f3rio da sua dire\u00e7\u00e3o do \u00f3rg\u00e3o que assumiu em 2015. Nyusi presidiu segunda-feira \u00e0 sua \u00faltima cimeira da Troika do \u00d3rg\u00e3o, com a participa\u00e7\u00e3o do seu hom\u00f3logo da \u00c1frica do Sul, Jacob Zuma, e da vice-presidente da Tanz\u00e2nia, [&hellip;]<\/p>\n","protected":false},"author":1,"featured_media":17516,"comment_status":"open","ping_status":"open","sticky":false,"template":"","format":"standard","meta":{"footnotes":""},"categories":[3],"tags":[],"class_list":["post-17517","post","type-post","status-publish","format-standard","has-post-thumbnail","hentry","category-vaticano"],"_links":{"self":[{"href":"https:\/\/catolicanet.net\/wp-cnet\/wp-json\/wp\/v2\/posts\/17517","targetHints":{"allow":["GET"]}}],"collection":[{"href":"https:\/\/catolicanet.net\/wp-cnet\/wp-json\/wp\/v2\/posts"}],"about":[{"href":"https:\/\/catolicanet.net\/wp-cnet\/wp-json\/wp\/v2\/types\/post"}],"author":[{"embeddable":true,"href":"https:\/\/catolicanet.net\/wp-cnet\/wp-json\/wp\/v2\/users\/1"}],"replies":[{"embeddable":true,"href":"https:\/\/catolicanet.net\/wp-cnet\/wp-json\/wp\/v2\/comments?post=17517"}],"version-history":[{"count":1,"href":"https:\/\/catolicanet.net\/wp-cnet\/wp-json\/wp\/v2\/posts\/17517\/revisions"}],"predecessor-version":[{"id":28148,"href":"https:\/\/catolicanet.net\/wp-cnet\/wp-json\/wp\/v2\/posts\/17517\/revisions\/28148"}],"wp:featuredmedia":[{"embeddable":true,"href":"https:\/\/catolicanet.net\/wp-cnet\/wp-json\/wp\/v2\/media\/17516"}],"wp:attachment":[{"href":"https:\/\/catolicanet.net\/wp-cnet\/wp-json\/wp\/v2\/media?parent=17517"}],"wp:term":[{"taxonomy":"category","embeddable":true,"href":"https:\/\/catolicanet.net\/wp-cnet\/wp-json\/wp\/v2\/categories?post=17517"},{"taxonomy":"post_tag","embeddable":true,"href":"https:\/\/catolicanet.net\/wp-cnet\/wp-json\/wp\/v2\/tags?post=17517"}],"curies":[{"name":"wp","href":"https:\/\/api.w.org\/{rel}","templated":true}]}}