{"id":17515,"date":"2016-08-31T18:53:01","date_gmt":"2016-08-31T21:53:01","guid":{"rendered":"http:\/\/catolicanet.net\/wp-cnet\/2016\/08\/31\/papa-institui-qdicasterio-para-o-desenvolvimento-humano-integralq\/"},"modified":"2017-06-02T11:55:44","modified_gmt":"2017-06-02T14:55:44","slug":"papa-institui-qdicasterio-para-o-desenvolvimento-humano-integralq","status":"publish","type":"post","link":"https:\/\/catolicanet.net\/wp-cnet\/papa-institui-qdicasterio-para-o-desenvolvimento-humano-integralq\/","title":{"rendered":"Papa institui &#8220;Dicasterio para o Desenvolvimento Humano Integral&#8221;"},"content":{"rendered":"<p style=\"text-align: justify;\"><img decoding=\"async\" src=\"http:\/\/www.catolicanet.com.br\/images\/stories\/bispos\/other1101080_articolo.jpg\" border=\"0\" align=\"left\" \/>O Vaticano vai ter a partir de 2017 um novo \u201cDicast\u00e9rio para o Servi\u00e7o do Desenvolvimento Humano Integral\u201d. O Motu Pr\u00f3prio da sua institui\u00e7\u00e3o foi publicado nesta quarta-feira pelo jornal \u201cL\u2019Osservatore Romano\u201d\u00a0 com o relativo Estatuto. Esses dois documentos foram aprovados pelo Papa Francisco no dia 17 de agosto, sob proposta do Conselho dos Cardeais \u2013 l\u00ea-se num comunicado \u00e0 imprensa.<\/p>\n<p>Para este novo Dicast\u00e9rio confluir\u00e3o a partir de 1 de Janeiro de 2017, quatro Conselhos Pontif\u00edcios: Justi\u00e7a e Paz; o Conselho \u201cCor Unum\u201d, Pastoral dos Migrantes e Itinerantes, e Pastoral para os Operadores da Sa\u00fade. Nessa data esses quatro Dicast\u00e9rios cessar\u00e3o de existir, sendo abrogados com base na Constitui\u00e7\u00e3o apost\u00f3lica Pastor Bunus.<\/p>\n<p>Um se\u00e7\u00e3o do novo Dicast\u00e9rio exprime, de forma especial, a solicitude do Papa Francisco pelos refugiados e migrantes. Com efeito \u2013 l\u00ea-se na nota &#8211; n\u00e3o pode haver um servi\u00e7o ao desenvolvimento humano integral sem uma particular aten\u00e7\u00e3o ao fen\u00f4meno migrat\u00f3rio. Por isso essa se\u00e7\u00e3o ficar\u00e1 temporariamente sobre a dire\u00e7\u00e3o direta do Papa.<\/p>\n<p>O Papa nomeou como Prefeito do novo Dicast\u00e9rio, o Cardeal Peter Kodwo Appiah Turkson, actual Presidente do Conselho Pontif\u00edcio Justi\u00e7a e Paz.<\/p>\n<p>No Motu Pr\u00f3prio de institui\u00e7\u00e3o do novo Dicast\u00e9rio, o Papa\u00a0 Francisco escreve que a Igreja est\u00e1 chamada, sempre de forma nova e adequada\u00a0 a promover o desenvolvimento integral do homem \u00e0 luz do Evangelho. Isto tem lugar mediante o cuidado dos bens incomensur\u00e1veis da justi\u00e7a, paz e da prote\u00e7\u00e3o da cria\u00e7\u00e3o.<\/p>\n<p>Ent\u00e3o para implementar a solicitude da Santa S\u00e9 nesses \u00e2mbitos, bem como nos relacionados com a sa\u00fade e obras de caridade, instituiu-se este novo Dicast\u00e9rio que ter\u00e1 compet\u00eancias, de modo particular, nas \u00e1reas relacionadas com as migra\u00e7\u00f5es, com os necessitados, os enfermos e exclu\u00eddos, os marginalizados e as v\u00edtimas dos conflitos armados e desastres naturais, os encarcerados, os desempregados e as v\u00edtimas de qualquer forma de escravid\u00e3o e de tortura.<\/p>\n<p>Por conseguinte, o novo Dicast\u00e9rio \u00e9 chamado, segundo o seu Estatuto, a aprofundar a Doutrina Social da Igreja, fazendo com que \u201cseja largamente difundida e posta em pr\u00e1tica, e fazendo com que as rela\u00e7\u00f5es sociais, econ\u00f4micas e pol\u00edticas sejam cada vez mais permeadas pelo esp\u00edrito do Evangelho\u201d.<\/p>\n<p>S\u00e3o, portanto, constitu\u00eddas, junto do novo Dicast\u00e9rio diversas Comiss\u00f5es: a Comiss\u00e3o para a ecologia e a Comiss\u00e3o para os Operadores da Sa\u00fade, presididas pelo pr\u00f3prio Prefeito do Dicast\u00e9rio cujas compet\u00eancias se estendem tamb\u00e9m \u00e0 C\u00e1ritas Internationalis. O Dicast\u00e9rio assume tamb\u00e9m as compet\u00eancias da Santa S\u00e9 no que diz respeito \u00e0 cria\u00e7\u00e3o e vigil\u00e2ncia de associa\u00e7\u00f5es internacionais de caridade e dos fundos institu\u00eddos para o mesmo fim.<\/p>\n<p style=\"text-align: justify;\">\u00a0<\/p>\n<p style=\"text-align: justify;\">Fonte: R\u00e1dio Vaticano<\/p>\n","protected":false},"excerpt":{"rendered":"<p>O Vaticano vai ter a partir de 2017 um novo \u201cDicast\u00e9rio para o Servi\u00e7o do Desenvolvimento Humano Integral\u201d. O Motu Pr\u00f3prio da sua institui\u00e7\u00e3o foi publicado nesta quarta-feira pelo jornal \u201cL\u2019Osservatore Romano\u201d\u00a0 com o relativo Estatuto. Esses dois documentos foram aprovados pelo Papa Francisco no dia 17 de agosto, sob proposta do Conselho dos Cardeais [&hellip;]<\/p>\n","protected":false},"author":1,"featured_media":17514,"comment_status":"open","ping_status":"open","sticky":false,"template":"","format":"standard","meta":{"footnotes":""},"categories":[3],"tags":[],"class_list":["post-17515","post","type-post","status-publish","format-standard","has-post-thumbnail","hentry","category-vaticano"],"_links":{"self":[{"href":"https:\/\/catolicanet.net\/wp-cnet\/wp-json\/wp\/v2\/posts\/17515","targetHints":{"allow":["GET"]}}],"collection":[{"href":"https:\/\/catolicanet.net\/wp-cnet\/wp-json\/wp\/v2\/posts"}],"about":[{"href":"https:\/\/catolicanet.net\/wp-cnet\/wp-json\/wp\/v2\/types\/post"}],"author":[{"embeddable":true,"href":"https:\/\/catolicanet.net\/wp-cnet\/wp-json\/wp\/v2\/users\/1"}],"replies":[{"embeddable":true,"href":"https:\/\/catolicanet.net\/wp-cnet\/wp-json\/wp\/v2\/comments?post=17515"}],"version-history":[{"count":1,"href":"https:\/\/catolicanet.net\/wp-cnet\/wp-json\/wp\/v2\/posts\/17515\/revisions"}],"predecessor-version":[{"id":28355,"href":"https:\/\/catolicanet.net\/wp-cnet\/wp-json\/wp\/v2\/posts\/17515\/revisions\/28355"}],"wp:featuredmedia":[{"embeddable":true,"href":"https:\/\/catolicanet.net\/wp-cnet\/wp-json\/wp\/v2\/media\/17514"}],"wp:attachment":[{"href":"https:\/\/catolicanet.net\/wp-cnet\/wp-json\/wp\/v2\/media?parent=17515"}],"wp:term":[{"taxonomy":"category","embeddable":true,"href":"https:\/\/catolicanet.net\/wp-cnet\/wp-json\/wp\/v2\/categories?post=17515"},{"taxonomy":"post_tag","embeddable":true,"href":"https:\/\/catolicanet.net\/wp-cnet\/wp-json\/wp\/v2\/tags?post=17515"}],"curies":[{"name":"wp","href":"https:\/\/api.w.org\/{rel}","templated":true}]}}