{"id":17507,"date":"2026-08-31T00:00:23","date_gmt":"2026-08-31T03:00:23","guid":{"rendered":"http:\/\/catolicanet.net\/wp-cnet\/2016\/08\/31\/sao-raimundo-nonato-modelo-de-santidade\/"},"modified":"2026-05-15T16:09:41","modified_gmt":"2026-05-15T19:09:41","slug":"sao-raimundo-nonato-modelo-de-santidade","status":"publish","type":"post","link":"https:\/\/catolicanet.net\/wp-cnet\/sao-raimundo-nonato-modelo-de-santidade\/","title":{"rendered":"S\u00e3o Raimundo Nonato"},"content":{"rendered":"<p style=\"text-align: justify;\">S\u00e3o Raimundo Nonato S\u00e3o Raimundo Nonato se tornou modelo para todo vocacionado \u00e0 santidade e ao resgate das almas<\/p>\n<p>S\u00e3o Raimundo Nonato encontrou dificuldades para vir \u00e0 luz, foi invocado como patrono e protetor das parturientes e das parteiras (seu nome significa \u201cn\u00e3o nascido\u201d porque foi extra\u00eddo vivo das entranhas da m\u00e3e j\u00e1 morta).<\/p>\n<p>Nasceu na Espanha, em Portel, na diocese de Solsona (pr\u00f3ximo a Barcelona) no ano de 1200. Ainda menino, teve de guardar o gado e, durante seus anos de pastor, visitava constantemente uma ermida de S\u00e3o Nicolau, onde se venerava uma imagem de Nossa Senhora de quem era devot\u00edssimo.<\/p>\n<p>Conta-se que, durante as horas que passava aos p\u00e9s de Maria, um anjo lhe guardava o rebanho. Desde jovem, Raimundo Nonato percebeu sua inclina\u00e7\u00e3o \u00e0 vida religiosa. Seu pai buscou, sem \u00eaxito, impedi-lo de corresponder ao chamado vocacional. Ao entrar para a Ordem de Nossa Senhora das Merc\u00eas, p\u00f4de receber do fundador: S\u00e3o Pedro Nolasco, o h\u00e1bito. Assim, tornou-se exemplo de ardor na miss\u00e3o de resgatar das m\u00e3os dos mouros, os crist\u00e3os feito escravos.<\/p>\n<p>Certa vez, S\u00e3o Raimundo conseguiu liderar uma miss\u00e3o que libertou 150 crist\u00e3os, por\u00e9m, quando na Arg\u00e9lia acabaram-se os recursos para o salvamento daqueles que corriam o risco de perderem a vida e a f\u00e9, o Mission\u00e1rio e Sacerdote Raimundo, entregou-se no lugar de um dos crist\u00e3os. Na pris\u00e3o, Raimundo pregava para os mu\u00e7ulmanos e crist\u00e3os, com tanta Un\u00e7\u00e3o que come\u00e7ou a convert\u00ea-los e desse modo sofreu muito, pois chegaram ao extremo de perfurarem os seus l\u00e1bios com um ferro quente, fechando-os com um cadeado. Foi mais tarde libertado da pris\u00e3o e retornou \u00e0 Espanha.<\/p>\n<p>S\u00e3o Raimundo Nonato, morreu em Cardona no ano de 1240 gravemente doente. N\u00e3o aguentou atingir Roma onde o Papa Greg\u00f3rio IX queria S\u00e3o Raimundo como Cardeal e conselheiro. O seu corpo foi descansar na mesma ermida de S\u00e3o Nicolau em que orava nos seus anos de pastor.<\/p>\n<p>S\u00e3o Raimundo Nonato, rogai por n\u00f3s!<\/p>\n","protected":false},"excerpt":{"rendered":"<p>S\u00e3o Raimundo Nonato S\u00e3o Raimundo Nonato se tornou modelo para todo vocacionado \u00e0 santidade e ao resgate das almas S\u00e3o Raimundo Nonato encontrou dificuldades para vir \u00e0 luz, foi invocado como patrono e protetor das parturientes e das parteiras (seu nome significa \u201cn\u00e3o nascido\u201d porque foi extra\u00eddo vivo das entranhas da m\u00e3e j\u00e1 morta). Nasceu [&hellip;]<\/p>\n","protected":false},"author":1,"featured_media":22645,"comment_status":"open","ping_status":"open","sticky":false,"template":"","format":"standard","meta":{"footnotes":""},"categories":[32],"tags":[],"class_list":["post-17507","post","type-post","status-publish","format-standard","has-post-thumbnail","hentry","category-santo-do-dia"],"_links":{"self":[{"href":"https:\/\/catolicanet.net\/wp-cnet\/wp-json\/wp\/v2\/posts\/17507","targetHints":{"allow":["GET"]}}],"collection":[{"href":"https:\/\/catolicanet.net\/wp-cnet\/wp-json\/wp\/v2\/posts"}],"about":[{"href":"https:\/\/catolicanet.net\/wp-cnet\/wp-json\/wp\/v2\/types\/post"}],"author":[{"embeddable":true,"href":"https:\/\/catolicanet.net\/wp-cnet\/wp-json\/wp\/v2\/users\/1"}],"replies":[{"embeddable":true,"href":"https:\/\/catolicanet.net\/wp-cnet\/wp-json\/wp\/v2\/comments?post=17507"}],"version-history":[{"count":3,"href":"https:\/\/catolicanet.net\/wp-cnet\/wp-json\/wp\/v2\/posts\/17507\/revisions"}],"predecessor-version":[{"id":22646,"href":"https:\/\/catolicanet.net\/wp-cnet\/wp-json\/wp\/v2\/posts\/17507\/revisions\/22646"}],"wp:featuredmedia":[{"embeddable":true,"href":"https:\/\/catolicanet.net\/wp-cnet\/wp-json\/wp\/v2\/media\/22645"}],"wp:attachment":[{"href":"https:\/\/catolicanet.net\/wp-cnet\/wp-json\/wp\/v2\/media?parent=17507"}],"wp:term":[{"taxonomy":"category","embeddable":true,"href":"https:\/\/catolicanet.net\/wp-cnet\/wp-json\/wp\/v2\/categories?post=17507"},{"taxonomy":"post_tag","embeddable":true,"href":"https:\/\/catolicanet.net\/wp-cnet\/wp-json\/wp\/v2\/tags?post=17507"}],"curies":[{"name":"wp","href":"https:\/\/api.w.org\/{rel}","templated":true}]}}