{"id":17505,"date":"2016-08-31T18:04:59","date_gmt":"2016-08-31T21:04:59","guid":{"rendered":"http:\/\/catolicanet.net\/wp-cnet\/2016\/08\/31\/35o-encontro-regional-de-presbiteros-reflete-sobre-a-historia-da-igreja-em-goias\/"},"modified":"2017-05-26T14:54:09","modified_gmt":"2017-05-26T17:54:09","slug":"35o-encontro-regional-de-presbiteros-reflete-sobre-a-historia-da-igreja-em-goias","status":"publish","type":"post","link":"https:\/\/catolicanet.net\/wp-cnet\/35o-encontro-regional-de-presbiteros-reflete-sobre-a-historia-da-igreja-em-goias\/","title":{"rendered":"35\u00ba Encontro Regional de Presb\u00edteros reflete sobre a hist\u00f3ria da Igreja em Goi\u00e1s"},"content":{"rendered":"<p style=\"text-align: justify;\"><img decoding=\"async\" src=\"http:\/\/www.catolicanet.com.br\/images\/stories\/noticias\/goias_diocese.jpg\" border=\"0\" align=\"left\" \/>Evento foi organizado pela Comiss\u00e3o Regional de Presb\u00edteros do Centro-Oeste<\/p>\n<p>Com o tema \u201cPresb\u00edteros em miss\u00e3o: mem\u00f3ria no Centro-Oeste\u201d e o lema \u201cNo cora\u00e7\u00e3o da Igreja serei o amor\u201d, a diocese de Goi\u00e1s sediou nos dias 22 a 25 de agosto, na cidade de Goi\u00e1s, o 35\u00ba Encontro Regional de Presb\u00edteros (ERP). O evento foi organizado pela Comiss\u00e3o Regional de Presb\u00edteros do Centro-Oeste (CRP) e reuniu cerca de 71 padres das 13 dioceses do regional.<\/p>\n<p>Durante o encontro foi feito um resgate hist\u00f3rico dos 270 anos da presen\u00e7a dos padres na Igreja do Centro-Oeste, a partir de dados, fotografias, textos e testemunhos. O coordenador da Comiss\u00e3o Regional de Presb\u00edteros do Centro-Oeste, padre Mauro Francisco dos Santos, destacou que as abordagens s\u00e3o fundamentais para os presb\u00edteros de hoje poderem continuar entusiasmados no compromisso de evangelizar. \u201cN\u00e3o estudamos a hist\u00f3ria da Igreja em Goi\u00e1s apenas para recordar, mas para ler a realidade atual como fruto de um processo, de uma tradi\u00e7\u00e3o e um caminho percorrido por tantos padres e hoje temos o compromisso de continuar\u201d, disse.<\/p>\n<p>Para o padre Francisco Soares, da diocese de An\u00e1polis, ap\u00f3s conhecer um pouco mais as dificuldades enfrentadas pelos padres que doaram suas vidas pela Igreja em Goi\u00e1s, fica como testemunho a coragem, a perseveran\u00e7a e o empenho evangelizador. \u201cApesar de tudo ter sido mais dif\u00edcil em uma \u00e9poca em que havia escassa comunica\u00e7\u00e3o e meios de transporte, nos motiva a perseveran\u00e7a no minist\u00e9rio e a fidelidade desses sacerdotes \u00e0 Igreja\u201d, sublinhou.<\/p>\n<p>Sobre o Encontro Regional de Presb\u00edteros, o padre Celismar Moreira de Oliveira, da diocese de Goi\u00e1s, destacou que o mesmo possibilitou a renova\u00e7\u00e3o da f\u00e9 e esperan\u00e7a. Ele v\u00ea o evento como um momento de troca de experi\u00eancias e de ajuda m\u00fatua. \u201cN\u00e3o somos uma ilha e nas comunidades n\u00f3s pregamos a fraternidade, portanto, aqui n\u00f3s podemos viver isso e compartilhar alegrias, tristezas e sofrimentos\u201d. Com rela\u00e7\u00e3o ao tema deste ano, ele disse tamb\u00e9m ser importante porque \u201cconhecer o passado \u00e9 indispens\u00e1vel para viver o presente e preparar a Igreja do futuro\u201d.<\/p>\n<p>Do encontro, o padre M\u00e1rcio Celestino da Silva, da arquidiocese de Goi\u00e2nia, leva a beleza da hist\u00f3ria da Igreja no estado de Goi\u00e1s, como elemento fundamental para a espiritualidade presbiteral. Ele tamb\u00e9m mencionou que a frase: \u2018um padre melhor torna a comunidade tamb\u00e9m melhor\u2019, proferida durante o encontro, o impressionou bastante. \u201cDe fato, isso \u00e9 verdade e eu refleti bastante a respeito. A conviv\u00eancia com os padres de v\u00e1rias dioceses tamb\u00e9m nos ajuda muito a caminharmos unidos\u201d, ressaltou.<\/p>\n<p>A missa de encerramento do encontro foi presidida pelo arcebispo de Goi\u00e2nia, dom Washington Cruz, na Catedral de Santana. Em sua homilia, ele convidou os padres a terem uma atitude de vigil\u00e2ncia pelo encontro com o Senhor na ora\u00e7\u00e3o, nos sacramentos e com as pessoas nas comunidades. \u201cTrabalhar todos os dias para o \u00eaxito final \u00e9 atitude de s\u00e1bio. Estar atento n\u00e3o significa viver com temor, menos ainda com ang\u00fastia, mas com seriedade. Porque todos queremos ouvir, no final, as palavras de Jesus: \u2018Muito bem servo bom e fiel, entra no gozo de teu Senhor\u2019\u201d.<\/p>\n<p>Ap\u00f3s a missa houve uma prociss\u00e3o dentro da Catedral de Santana com as rel\u00edquias de dom Prud\u00eancio, bispo diocesano de Goi\u00e1s de 1908 a 1921. \u201cEle foi um bispo muito querido em nossa diocese e faleceu a mais de 600 km da cidade de Goi\u00e1s, no munic\u00edpio de Posse, no norte do estado. Com a permiss\u00e3o do bispo de Formosa (GO), dom Jos\u00e9 Ronaldo, n\u00f3s trouxemos os restos mortais que foram sepultados definitivamente na Catedral\u201d, explicou o bispo da diocese de Goi\u00e1s, dom Eug\u00eanio Rixen. Est\u00e3o ainda sepultados na Catedral os restos mortais de dom Francisco, dom Domingos, dom Abel e dom Tom\u00e1s Baldu\u00edno.<\/p>\n<p>O 36\u00ba Encontro Regional de Presb\u00edteros vai a acontecer na diocese de Luzi\u00e2nia, nos dias 29 a 31 de agosto de 2017.<br \/>Com informa\u00e7\u00f5es e foto do regional Centro-Oeste<\/p>\n<p style=\"text-align: justify;\">\u00a0<\/p>\n<p style=\"text-align: justify;\">Fonte: CNBB<\/p>\n","protected":false},"excerpt":{"rendered":"<p>Evento foi organizado pela Comiss\u00e3o Regional de Presb\u00edteros do Centro-Oeste Com o tema \u201cPresb\u00edteros em miss\u00e3o: mem\u00f3ria no Centro-Oeste\u201d e o lema \u201cNo cora\u00e7\u00e3o da Igreja serei o amor\u201d, a diocese de Goi\u00e1s sediou nos dias 22 a 25 de agosto, na cidade de Goi\u00e1s, o 35\u00ba Encontro Regional de Presb\u00edteros (ERP). O evento foi [&hellip;]<\/p>\n","protected":false},"author":1,"featured_media":17504,"comment_status":"open","ping_status":"open","sticky":false,"template":"","format":"standard","meta":{"footnotes":""},"categories":[7],"tags":[],"class_list":["post-17505","post","type-post","status-publish","format-standard","has-post-thumbnail","hentry","category-cnbb"],"_links":{"self":[{"href":"https:\/\/catolicanet.net\/wp-cnet\/wp-json\/wp\/v2\/posts\/17505","targetHints":{"allow":["GET"]}}],"collection":[{"href":"https:\/\/catolicanet.net\/wp-cnet\/wp-json\/wp\/v2\/posts"}],"about":[{"href":"https:\/\/catolicanet.net\/wp-cnet\/wp-json\/wp\/v2\/types\/post"}],"author":[{"embeddable":true,"href":"https:\/\/catolicanet.net\/wp-cnet\/wp-json\/wp\/v2\/users\/1"}],"replies":[{"embeddable":true,"href":"https:\/\/catolicanet.net\/wp-cnet\/wp-json\/wp\/v2\/comments?post=17505"}],"version-history":[{"count":1,"href":"https:\/\/catolicanet.net\/wp-cnet\/wp-json\/wp\/v2\/posts\/17505\/revisions"}],"predecessor-version":[{"id":23463,"href":"https:\/\/catolicanet.net\/wp-cnet\/wp-json\/wp\/v2\/posts\/17505\/revisions\/23463"}],"wp:featuredmedia":[{"embeddable":true,"href":"https:\/\/catolicanet.net\/wp-cnet\/wp-json\/wp\/v2\/media\/17504"}],"wp:attachment":[{"href":"https:\/\/catolicanet.net\/wp-cnet\/wp-json\/wp\/v2\/media?parent=17505"}],"wp:term":[{"taxonomy":"category","embeddable":true,"href":"https:\/\/catolicanet.net\/wp-cnet\/wp-json\/wp\/v2\/categories?post=17505"},{"taxonomy":"post_tag","embeddable":true,"href":"https:\/\/catolicanet.net\/wp-cnet\/wp-json\/wp\/v2\/tags?post=17505"}],"curies":[{"name":"wp","href":"https:\/\/api.w.org\/{rel}","templated":true}]}}