{"id":17501,"date":"2016-08-30T14:57:00","date_gmt":"2016-08-30T17:57:00","guid":{"rendered":"http:\/\/catolicanet.net\/wp-cnet\/2016\/08\/30\/pastoral-afro-brasileira-organiza-acampamento-pelo-fim-do-exterminio-da-juventude-negra\/"},"modified":"2017-05-26T14:54:29","modified_gmt":"2017-05-26T17:54:29","slug":"pastoral-afro-brasileira-organiza-acampamento-pelo-fim-do-exterminio-da-juventude-negra","status":"publish","type":"post","link":"https:\/\/catolicanet.net\/wp-cnet\/pastoral-afro-brasileira-organiza-acampamento-pelo-fim-do-exterminio-da-juventude-negra\/","title":{"rendered":"Pastoral Afro-Brasileira organiza acampamento pelo fim do exterm\u00ednio da juventude negra"},"content":{"rendered":"<p style=\"text-align: justify;\"><img decoding=\"async\" src=\"http:\/\/www.catolicanet.com.br\/images\/stories\/noticias\/afro_mariana.jpg\" border=\"0\" align=\"left\" \/>Evento acontecer\u00e1 de 11 a 13 de novembro, em Acaiaca<\/p>\n<p>A Comiss\u00e3o de Articula\u00e7\u00e3o da Pastoral Afro-Brasileira da arquidiocese de Mariana (MG), em parceria com a Pastoral da Juventude e entidades, organiza o primeiro \u201cAcampamento pelo fim do exterm\u00ednio da juventude negra\u201d, que ocorrer\u00e1 em Acaiaca (MG), entre os dias 11 e 13 de novembro. De acordo com a Comiss\u00e3o Organizadora, que esteve reunida no \u00faltimo s\u00e1bado, 27, o prazo final para as inscri\u00e7\u00f5es ser\u00e1 dia 30 de outubro.<\/p>\n<p>Neste m\u00eas de agosto, a prepara\u00e7\u00e3o do evento foi intensificada, com a defini\u00e7\u00e3o da programa\u00e7\u00e3o, no dia 7, em Caranda\u00ed (MG). Na ocasi\u00e3o, os participantes do encontro puderam dar testemunhos, conversar sobre viv\u00eancia cultural, conhecer os movimentos atuantes na causa da juventude negra, al\u00e9m de participar das oficinas.<br \/>Propostas<\/p>\n<p>Durante o acampamento ser\u00e3o oferecidos momentos de debate, dos quais sair\u00e3o propostas sobre as formas de enfrentamento do exterm\u00ednio dos jovens negros. Tais sugest\u00f5es ir\u00e3o compor um documento que ser\u00e1 entregue aos poderes municipais e estadual na busca por melhorias na quest\u00e3o do exterm\u00ednio da juventude negra.<\/p>\n<p>O evento conta com o apoio dos movimentos sociais Levante Popular, Coletivo da Juventude Livre de Conselheiro Lafaiete, Escola Fam\u00edlia Agr\u00edcola Paulo Freire e Dom Luciano. \u201cA uni\u00e3o dos movimentos da dimens\u00e3o social da Igreja mostra uma presen\u00e7a que realmente faz a diferen\u00e7a. \u00c9 uma oportunidade de fortalecer o v\u00ednculo com uma presen\u00e7a prof\u00e9tica entre os jovens\u201d, afirma o membro da Pastoral Afro, Iza\u00edas Amaral.<\/p>\n<p>S\u00e3o esperados 150 participantes, divididos entre 20 a 25 pessoas por grupo organizador.<br \/>Com informa\u00e7\u00f5es da arquidiocese de Mariana (MG) e foto da Pastoral Afro-Brasileira<\/p>\n<p style=\"text-align: justify;\">\u00a0<\/p>\n<p style=\"text-align: justify;\">Fonte: CNBB<\/p>\n","protected":false},"excerpt":{"rendered":"<p>Evento acontecer\u00e1 de 11 a 13 de novembro, em Acaiaca A Comiss\u00e3o de Articula\u00e7\u00e3o da Pastoral Afro-Brasileira da arquidiocese de Mariana (MG), em parceria com a Pastoral da Juventude e entidades, organiza o primeiro \u201cAcampamento pelo fim do exterm\u00ednio da juventude negra\u201d, que ocorrer\u00e1 em Acaiaca (MG), entre os dias 11 e 13 de novembro. [&hellip;]<\/p>\n","protected":false},"author":1,"featured_media":17500,"comment_status":"open","ping_status":"open","sticky":false,"template":"","format":"standard","meta":{"footnotes":""},"categories":[7],"tags":[],"class_list":["post-17501","post","type-post","status-publish","format-standard","has-post-thumbnail","hentry","category-cnbb"],"_links":{"self":[{"href":"https:\/\/catolicanet.net\/wp-cnet\/wp-json\/wp\/v2\/posts\/17501","targetHints":{"allow":["GET"]}}],"collection":[{"href":"https:\/\/catolicanet.net\/wp-cnet\/wp-json\/wp\/v2\/posts"}],"about":[{"href":"https:\/\/catolicanet.net\/wp-cnet\/wp-json\/wp\/v2\/types\/post"}],"author":[{"embeddable":true,"href":"https:\/\/catolicanet.net\/wp-cnet\/wp-json\/wp\/v2\/users\/1"}],"replies":[{"embeddable":true,"href":"https:\/\/catolicanet.net\/wp-cnet\/wp-json\/wp\/v2\/comments?post=17501"}],"version-history":[{"count":1,"href":"https:\/\/catolicanet.net\/wp-cnet\/wp-json\/wp\/v2\/posts\/17501\/revisions"}],"predecessor-version":[{"id":23464,"href":"https:\/\/catolicanet.net\/wp-cnet\/wp-json\/wp\/v2\/posts\/17501\/revisions\/23464"}],"wp:featuredmedia":[{"embeddable":true,"href":"https:\/\/catolicanet.net\/wp-cnet\/wp-json\/wp\/v2\/media\/17500"}],"wp:attachment":[{"href":"https:\/\/catolicanet.net\/wp-cnet\/wp-json\/wp\/v2\/media?parent=17501"}],"wp:term":[{"taxonomy":"category","embeddable":true,"href":"https:\/\/catolicanet.net\/wp-cnet\/wp-json\/wp\/v2\/categories?post=17501"},{"taxonomy":"post_tag","embeddable":true,"href":"https:\/\/catolicanet.net\/wp-cnet\/wp-json\/wp\/v2\/tags?post=17501"}],"curies":[{"name":"wp","href":"https:\/\/api.w.org\/{rel}","templated":true}]}}