{"id":17499,"date":"2016-08-30T14:54:23","date_gmt":"2016-08-30T17:54:23","guid":{"rendered":"http:\/\/catolicanet.net\/wp-cnet\/2016\/08\/30\/dom-irineu-deixa-uti\/"},"modified":"2017-05-26T14:54:46","modified_gmt":"2017-05-26T17:54:46","slug":"dom-irineu-deixa-uti","status":"publish","type":"post","link":"https:\/\/catolicanet.net\/wp-cnet\/dom-irineu-deixa-uti\/","title":{"rendered":"Dom Irineu deixa UTI"},"content":{"rendered":"<p style=\"text-align: justify;\"><img decoding=\"async\" src=\"http:\/\/www.catolicanet.com.br\/images\/stories\/bispos\/irineu_.jpg\" border=\"0\" align=\"left\" \/>Bispo sofreu um AVC<\/p>\n<p>O bispo em\u00e9rito de Lins, dom Irineu Danelon, deixou a Unidade de Tratamento Intenso (UTI) do Hospital S\u00e3o Lucas, em Lins (SP). De acordo com comunicado divulgado ontem, 29, pela diocese de Lins, dom Irineu foi transferido para o quarto do hospital, onde continua em tratamento. <\/p>\n<p>Segundo o boletim m\u00e9dico, o bispo continua \u201cem estado est\u00e1vel, apresentando sinais positivos de recupera\u00e7\u00e3o&#8221;, como pequenos movimentos na perna e tamb\u00e9m no bra\u00e7o esquerdo. O bispo j\u00e1 iniciou o processo de reabilita\u00e7\u00e3o por meio de fisioterapia e j\u00e1 se alimenta sem o aux\u00edlio de sonda. <\/p>\n<p><\/p>\n<p style=\"text-align: justify;\">\u00a0<\/p>\n<p style=\"text-align: justify;\">Fonte: CNBB<\/p>\n","protected":false},"excerpt":{"rendered":"<p>Bispo sofreu um AVC O bispo em\u00e9rito de Lins, dom Irineu Danelon, deixou a Unidade de Tratamento Intenso (UTI) do Hospital S\u00e3o Lucas, em Lins (SP). De acordo com comunicado divulgado ontem, 29, pela diocese de Lins, dom Irineu foi transferido para o quarto do hospital, onde continua em tratamento. Segundo o boletim m\u00e9dico, o [&hellip;]<\/p>\n","protected":false},"author":1,"featured_media":17291,"comment_status":"open","ping_status":"open","sticky":false,"template":"","format":"standard","meta":{"footnotes":""},"categories":[7],"tags":[],"class_list":["post-17499","post","type-post","status-publish","format-standard","has-post-thumbnail","hentry","category-cnbb"],"_links":{"self":[{"href":"https:\/\/catolicanet.net\/wp-cnet\/wp-json\/wp\/v2\/posts\/17499","targetHints":{"allow":["GET"]}}],"collection":[{"href":"https:\/\/catolicanet.net\/wp-cnet\/wp-json\/wp\/v2\/posts"}],"about":[{"href":"https:\/\/catolicanet.net\/wp-cnet\/wp-json\/wp\/v2\/types\/post"}],"author":[{"embeddable":true,"href":"https:\/\/catolicanet.net\/wp-cnet\/wp-json\/wp\/v2\/users\/1"}],"replies":[{"embeddable":true,"href":"https:\/\/catolicanet.net\/wp-cnet\/wp-json\/wp\/v2\/comments?post=17499"}],"version-history":[{"count":1,"href":"https:\/\/catolicanet.net\/wp-cnet\/wp-json\/wp\/v2\/posts\/17499\/revisions"}],"predecessor-version":[{"id":23465,"href":"https:\/\/catolicanet.net\/wp-cnet\/wp-json\/wp\/v2\/posts\/17499\/revisions\/23465"}],"wp:featuredmedia":[{"embeddable":true,"href":"https:\/\/catolicanet.net\/wp-cnet\/wp-json\/wp\/v2\/media\/17291"}],"wp:attachment":[{"href":"https:\/\/catolicanet.net\/wp-cnet\/wp-json\/wp\/v2\/media?parent=17499"}],"wp:term":[{"taxonomy":"category","embeddable":true,"href":"https:\/\/catolicanet.net\/wp-cnet\/wp-json\/wp\/v2\/categories?post=17499"},{"taxonomy":"post_tag","embeddable":true,"href":"https:\/\/catolicanet.net\/wp-cnet\/wp-json\/wp\/v2\/tags?post=17499"}],"curies":[{"name":"wp","href":"https:\/\/api.w.org\/{rel}","templated":true}]}}