{"id":17492,"date":"2016-08-30T14:24:32","date_gmt":"2016-08-30T17:24:32","guid":{"rendered":"http:\/\/catolicanet.net\/wp-cnet\/2016\/08\/30\/profanam-a-eucaristia-e-assaltam-as-missionarias-da-caridade-na-argentina\/"},"modified":"2017-05-31T09:05:53","modified_gmt":"2017-05-31T12:05:53","slug":"profanam-a-eucaristia-e-assaltam-as-missionarias-da-caridade-na-argentina","status":"publish","type":"post","link":"https:\/\/catolicanet.net\/wp-cnet\/profanam-a-eucaristia-e-assaltam-as-missionarias-da-caridade-na-argentina\/","title":{"rendered":"Profanam a Eucaristia e assaltam as Mission\u00e1rias da Caridade na Argentina"},"content":{"rendered":"<p style=\"text-align: justify;\"><img decoding=\"async\" src=\"http:\/\/www.catolicanet.com.br\/images\/stories\/noticias\/robopro.jpg\" border=\"0\" align=\"left\" \/>BUENOS AIRES, (ACI).- A comunidade das Mission\u00e1rias da Caridade em Mar del Plata (Argentina) foi v\u00edtima de um violento assalto perpetrado por tr\u00eas delinquentes, que tamb\u00e9m profanaram o sacr\u00e1rio da sua capela.<\/p>\n<p>Os desconhecidos invadiram a casa da comunidade, fundada pela Beata Madre Teresa de Calcut\u00e1, \u00e0s 19h30 na quinta-feira, 25 de agosto.<\/p>\n<p>Depois de tapar a boca das cinco religiosas que vivem nesta comunidade, para que n\u00e3o gritassem pedindo ajuda, os delinquentes mexeram em todos os c\u00f4modos da casa e finalmente levaram 50 pesos argentinos (3,3 d\u00f3lares), pois era o \u00fanico dinheiro que as irm\u00e3s tinham.<\/p>\n<p>Al\u00e9m disso, ingressaram na capela procurando objetos de valor, abriram o sacr\u00e1rio e tiraram as h\u00f3stias consagradas que estavam na \u00e2mbula para lev\u00e1-la. Quando perceberam que o paramento n\u00e3o era de ouro, deixaram-no no mesmo local.<\/p>\n<p>A congrega\u00e7\u00e3o fundada pela Beata Madre Teresa de Calcut\u00e1, que ser\u00e1 canonizada pelo Papa Francisco no dia 4 de setembro, est\u00e1 presente h\u00e1 20 anos na cidade de Mar del Plata, na prov\u00edncia de Buenos Aires.<\/p>\n<p>Sua miss\u00e3o est\u00e1 baseada principalmente no atendimento gratuito aos doentes terminais com AIDS no Lar \u2018Reina de la Paz\u2019.<\/p>\n<p>Em 22 de agosto, alguns dias antes do ataque, o Bispo de Mar del Plata, Dom Antonio Marino, visitou a comunidade devido a canoniza\u00e7\u00e3o de sua fundadora e a festa do Imaculado Cora\u00e7\u00e3o de Maria, onde al\u00e9m disso compartilhou com os internos e volunt\u00e1rios do lar.<\/p>\n<p style=\"text-align: justify;\">\u00a0<\/p>\n<p style=\"text-align: justify;\">Fonte: Acidigital<\/p>\n","protected":false},"excerpt":{"rendered":"<p>BUENOS AIRES, (ACI).- A comunidade das Mission\u00e1rias da Caridade em Mar del Plata (Argentina) foi v\u00edtima de um violento assalto perpetrado por tr\u00eas delinquentes, que tamb\u00e9m profanaram o sacr\u00e1rio da sua capela. Os desconhecidos invadiram a casa da comunidade, fundada pela Beata Madre Teresa de Calcut\u00e1, \u00e0s 19h30 na quinta-feira, 25 de agosto. Depois de [&hellip;]<\/p>\n","protected":false},"author":1,"featured_media":17491,"comment_status":"open","ping_status":"open","sticky":false,"template":"","format":"standard","meta":{"footnotes":""},"categories":[4],"tags":[],"class_list":["post-17492","post","type-post","status-publish","format-standard","has-post-thumbnail","hentry","category-cotidiano"],"_links":{"self":[{"href":"https:\/\/catolicanet.net\/wp-cnet\/wp-json\/wp\/v2\/posts\/17492","targetHints":{"allow":["GET"]}}],"collection":[{"href":"https:\/\/catolicanet.net\/wp-cnet\/wp-json\/wp\/v2\/posts"}],"about":[{"href":"https:\/\/catolicanet.net\/wp-cnet\/wp-json\/wp\/v2\/types\/post"}],"author":[{"embeddable":true,"href":"https:\/\/catolicanet.net\/wp-cnet\/wp-json\/wp\/v2\/users\/1"}],"replies":[{"embeddable":true,"href":"https:\/\/catolicanet.net\/wp-cnet\/wp-json\/wp\/v2\/comments?post=17492"}],"version-history":[{"count":1,"href":"https:\/\/catolicanet.net\/wp-cnet\/wp-json\/wp\/v2\/posts\/17492\/revisions"}],"predecessor-version":[{"id":25331,"href":"https:\/\/catolicanet.net\/wp-cnet\/wp-json\/wp\/v2\/posts\/17492\/revisions\/25331"}],"wp:featuredmedia":[{"embeddable":true,"href":"https:\/\/catolicanet.net\/wp-cnet\/wp-json\/wp\/v2\/media\/17491"}],"wp:attachment":[{"href":"https:\/\/catolicanet.net\/wp-cnet\/wp-json\/wp\/v2\/media?parent=17492"}],"wp:term":[{"taxonomy":"category","embeddable":true,"href":"https:\/\/catolicanet.net\/wp-cnet\/wp-json\/wp\/v2\/categories?post=17492"},{"taxonomy":"post_tag","embeddable":true,"href":"https:\/\/catolicanet.net\/wp-cnet\/wp-json\/wp\/v2\/tags?post=17492"}],"curies":[{"name":"wp","href":"https:\/\/api.w.org\/{rel}","templated":true}]}}