{"id":17457,"date":"2016-08-29T14:17:12","date_gmt":"2016-08-29T17:17:12","guid":{"rendered":"http:\/\/catolicanet.net\/wp-cnet\/2016\/08\/29\/29-de-agosto-dia-internacional-do-combate-as-armas-nucleares\/"},"modified":"2017-06-02T09:29:22","modified_gmt":"2017-06-02T12:29:22","slug":"29-de-agosto-dia-internacional-do-combate-as-armas-nucleares","status":"publish","type":"post","link":"https:\/\/catolicanet.net\/wp-cnet\/29-de-agosto-dia-internacional-do-combate-as-armas-nucleares\/","title":{"rendered":"29 de agosto, Dia Internacional do Combate \u00e0s armas nucleares"},"content":{"rendered":"<p style=\"text-align: justify;\"><img decoding=\"async\" src=\"http:\/\/www.catolicanet.com.br\/images\/stories\/noticias\/ap3581372_articolo.jpg\" border=\"0\" align=\"left\" \/>Cidade do Vaticano (RV) \u2013 Em visita \u00e0 sede da Organiza\u00e7\u00e3o das Na\u00e7\u00f5es Unidas, (em NY), em setembro de 2015, o Papa Francisco em seu discurso relembrou a Carta das Na\u00e7\u00f5es Unidas, na qual o pre\u00e2mbulo e o primeiro artigo indicam as bases da constru\u00e7\u00e3o jur\u00eddica internacional: a paz, a solu\u00e7\u00e3o pac\u00edfica das controv\u00e9rsias e o desenvolvimento de rela\u00e7\u00f5es amistosas entre as na\u00e7\u00f5es. Contrasta fortemente com estas afirma\u00e7\u00f5es \u2013 e nega-as na pr\u00e1tica \u2013 a tend\u00eancia sempre presente da prolifera\u00e7\u00e3o das armas, especialmente as de destrui\u00e7\u00e3o em massa, como o podem ser as armas nucleares.<\/p>\n<p>&#8220;Neste Dia Internacional contra Testes Nucleares, convido o mundo a buscar um sentimento de solidariedade compat\u00edvel com a urgente necessidade de acabar com o impasse perigoso sobre esta quest\u00e3o,&#8221; diz o Secret\u00e1rio-geral da ONU, Ban Ki-moon.<\/p>\n<p>Hist\u00f3rico<\/p>\n<p>Desde que se iniciaram os testes de armas nucleares, em meados do s\u00e9culo XX, (o primeiro foi em 16 de julho de 1945), cerca de 2.000 foram realizados.<\/p>\n<p>O Dia Internacional contra Testes Nucleares foi criado em 2 de dezembro de 2009 na 64\u00aa sess\u00e3o da Assembleia Geral das Na\u00e7\u00f5es Unidas, com a resolu\u00e7\u00e3o 64\/35, aprovada por unanimidade. A resolu\u00e7\u00e3o, em particular, solicita uma maior conscientiza\u00e7\u00e3o &#8220;sobre os efeitos das explos\u00f5es dos testes de armas nucleares ou quaisquer outras explos\u00f5es nucleares, e a necessidade de interromp\u00ea-las, como um dos meios para atingir a meta de um mundo livre de armas nucleares e de todos\u00a0 tipos de armas&#8221;.<\/p>\n<p>As armas nucleares s\u00e3o consideradas um pesadelo para o meio ambiente e para a sa\u00fade humana. A destrui\u00e7\u00e3o de Hiroshima e Nagasaki pelas bombas at\u00f4micas marcou o fim da II Guerra Mundial e o in\u00edcio da era nuclear. Enquanto as tens\u00f5es entre o Oriente e Ocidente se transformaram em uma Guerra Fria, os cientistas nos Estados Unidos, Gr\u00e3-Bretanha, e Uni\u00e3o Sovi\u00e9tica realizavam testes e desenvolviam armas nucleares mais potentes.<\/p>\n<p>Tratado<\/p>\n<p>Em todo o mundo, simp\u00f3sios, confer\u00eancias, exposi\u00e7\u00f5es e competi\u00e7\u00f5es est\u00e3o sendo realizadas para sensibilizar o p\u00fablico e estimular a\u00e7\u00f5es para finalmente acabar com testes nucleares. Para atingir esse objetivo, os Estados que ainda n\u00e3o assinaram e ratificaram o Tratado de Proibi\u00e7\u00e3o Completa de Testes Nucleares devem faz\u00ea-lo sem demora. O Tratado [CTBT], que visa estabelecer uma proibi\u00e7\u00e3o verific\u00e1vel, permanente e global sobre todos os tipos de testes nucleares explosivos, conta com apoio quase universal, mas ainda n\u00e3o entrou em vigor. A import\u00e2ncia da realiza\u00e7\u00e3o deste projeto foi reafirmada na Confer\u00eancia de Revis\u00e3o do Tratado sobre a N\u00e3o-Prolifera\u00e7\u00e3o de Armas Nucleares de 2010.<\/p>\n<p>&#8220;At\u00e9 a entrada em vigor do Tratado, pe\u00e7o a todos os Estados que cumpram a atual morat\u00f3ria sobre todas as explos\u00f5es de testes nucleares. As morat\u00f3rias volunt\u00e1rias em testes de armas nucleares existentes s\u00e3o essenciais \u2013 no entanto, elas n\u00e3o substituem uma proibi\u00e7\u00e3o total e global&#8221;, diz o Secret\u00e1rio-geral das Na\u00e7\u00f5es Unidas.<\/p>\n<p>O Papa Francisco ainda disse: &#8220;O recente acordo sobre a quest\u00e3o nuclear, numa regi\u00e3o sens\u00edvel da \u00c1sia e do Oriente M\u00e9dio, \u00e9 uma prova das possibilidades da boa vontade pol\u00edtica e do direito, cultivados com sinceridade, paci\u00eancia e const\u00e2ncia. Fa\u00e7o votos de que este acordo seja duradouro e eficaz e com a colabora\u00e7\u00e3o de todas as partes envolvidas, produza os frutos esperados&#8221;.<\/p>\n<p style=\"text-align: justify;\">\u00a0<\/p>\n<p style=\"text-align: justify;\">Fonte: R\u00e1dio Vaticano<\/p>\n","protected":false},"excerpt":{"rendered":"<p>Cidade do Vaticano (RV) \u2013 Em visita \u00e0 sede da Organiza\u00e7\u00e3o das Na\u00e7\u00f5es Unidas, (em NY), em setembro de 2015, o Papa Francisco em seu discurso relembrou a Carta das Na\u00e7\u00f5es Unidas, na qual o pre\u00e2mbulo e o primeiro artigo indicam as bases da constru\u00e7\u00e3o jur\u00eddica internacional: a paz, a solu\u00e7\u00e3o pac\u00edfica das controv\u00e9rsias e [&hellip;]<\/p>\n","protected":false},"author":1,"featured_media":17456,"comment_status":"open","ping_status":"open","sticky":false,"template":"","format":"standard","meta":{"footnotes":""},"categories":[3],"tags":[],"class_list":["post-17457","post","type-post","status-publish","format-standard","has-post-thumbnail","hentry","category-vaticano"],"_links":{"self":[{"href":"https:\/\/catolicanet.net\/wp-cnet\/wp-json\/wp\/v2\/posts\/17457","targetHints":{"allow":["GET"]}}],"collection":[{"href":"https:\/\/catolicanet.net\/wp-cnet\/wp-json\/wp\/v2\/posts"}],"about":[{"href":"https:\/\/catolicanet.net\/wp-cnet\/wp-json\/wp\/v2\/types\/post"}],"author":[{"embeddable":true,"href":"https:\/\/catolicanet.net\/wp-cnet\/wp-json\/wp\/v2\/users\/1"}],"replies":[{"embeddable":true,"href":"https:\/\/catolicanet.net\/wp-cnet\/wp-json\/wp\/v2\/comments?post=17457"}],"version-history":[{"count":1,"href":"https:\/\/catolicanet.net\/wp-cnet\/wp-json\/wp\/v2\/posts\/17457\/revisions"}],"predecessor-version":[{"id":27601,"href":"https:\/\/catolicanet.net\/wp-cnet\/wp-json\/wp\/v2\/posts\/17457\/revisions\/27601"}],"wp:featuredmedia":[{"embeddable":true,"href":"https:\/\/catolicanet.net\/wp-cnet\/wp-json\/wp\/v2\/media\/17456"}],"wp:attachment":[{"href":"https:\/\/catolicanet.net\/wp-cnet\/wp-json\/wp\/v2\/media?parent=17457"}],"wp:term":[{"taxonomy":"category","embeddable":true,"href":"https:\/\/catolicanet.net\/wp-cnet\/wp-json\/wp\/v2\/categories?post=17457"},{"taxonomy":"post_tag","embeddable":true,"href":"https:\/\/catolicanet.net\/wp-cnet\/wp-json\/wp\/v2\/tags?post=17457"}],"curies":[{"name":"wp","href":"https:\/\/api.w.org\/{rel}","templated":true}]}}