{"id":17453,"date":"2016-08-29T13:44:58","date_gmt":"2016-08-29T16:44:58","guid":{"rendered":"http:\/\/catolicanet.net\/wp-cnet\/2016\/08\/29\/bispos-do-paraguai-condenam-emboscada-a-militares\/"},"modified":"2017-06-02T09:52:46","modified_gmt":"2017-06-02T12:52:46","slug":"bispos-do-paraguai-condenam-emboscada-a-militares","status":"publish","type":"post","link":"https:\/\/catolicanet.net\/wp-cnet\/bispos-do-paraguai-condenam-emboscada-a-militares\/","title":{"rendered":"Bispos do Paraguai condenam emboscada a militares"},"content":{"rendered":"<p style=\"text-align: justify;\"><img decoding=\"async\" src=\"http:\/\/www.catolicanet.com.br\/images\/stories\/noticias\/reuters1684527_articolo.jpg\" border=\"0\" align=\"left\" \/>Assun\u00e7\u00e3o (RV) \u2013 Os bispos paraguaios condenaram o ataque armado que matou 8 militares na regi\u00e3o de Arroyito, a cerca de 450 km ao norte da capital Assun\u00e7\u00e3o, no s\u00e1bado (27\/08).<\/p>\n<p style=\"text-align: justify;\"><a href=\"http:\/\/www.catolicanet.com.br\/catolicanet\">Clique aqui para ouvir.<\/a><\/p>\n<p>O ministro das Rela\u00e7\u00f5es Interiores atribuiu a responsabilidade do ataque \u00e0 guerrilha do Ex\u00e9rcito do Povo (EPP), um grupo rebelde de matriz marxista, em a\u00e7\u00e3o desde 2008 naquela zona do pa\u00eds, composto por uma centena de integrantes, que j\u00e1 havia perpetrado no passado ataques contra as for\u00e7as do governo paraguaio.<\/p>\n<p>Luto<\/p>\n<p>Em uma breve declara\u00e7\u00e3o, os bispos disseram que \u201crezam pelas v\u00edtimas e s\u00e3o solid\u00e1rios aos familiares\u201d e pedem o fim imediato dos atentados \u201ccontra a vida e a dignidade das pessoas seja qual for a condi\u00e7\u00e3o ou fun\u00e7\u00e3o\u201d, reiterando que \u201ca vida \u00e9 um valor supremo que n\u00e3o pode ser subordinado a nenhuma causa pol\u00edtica, social ou econ\u00f4mica\u201d.<\/p>\n<p>\u201cParem! Chega de tanta dor e luto\u201d, imploraram os bispos ao pedir \u00e0s autoridades uma r\u00e1pida identifica\u00e7\u00e3o e puni\u00e7\u00e3o dos autores do ataque para evitar novos derramamentos de sangue.<\/p>\n<p>Insurgentes<\/p>\n<p>Com o ataque de s\u00e1bado, o n\u00famero total das v\u00edtimas das mais de 100 a\u00e7\u00f5es armadas do EPP, que teria liga\u00e7\u00f5es com as guerrilhas colombianas, chega a 61, dos quais 32 civis, 18 policiais e 11 militares.<\/p>\n<p>O grupo se formou em 1996 como uma quadrilha que roubava, sequestrava e traficava drogas. \u201cReciclou-se\u201d como grupo armado insurgente associado a ex-integrantes do partido \u201cPatria Libre\u201d para finalmente autodenominar-se como grupo armado insurgente.<\/p>\n<p style=\"text-align: justify;\">\u00a0<\/p>\n<p style=\"text-align: justify;\">Fonte: R\u00e1dio Vaticano<\/p>\n","protected":false},"excerpt":{"rendered":"<p>Assun\u00e7\u00e3o (RV) \u2013 Os bispos paraguaios condenaram o ataque armado que matou 8 militares na regi\u00e3o de Arroyito, a cerca de 450 km ao norte da capital Assun\u00e7\u00e3o, no s\u00e1bado (27\/08). Clique aqui para ouvir. O ministro das Rela\u00e7\u00f5es Interiores atribuiu a responsabilidade do ataque \u00e0 guerrilha do Ex\u00e9rcito do Povo (EPP), um grupo rebelde [&hellip;]<\/p>\n","protected":false},"author":1,"featured_media":17452,"comment_status":"open","ping_status":"open","sticky":false,"template":"","format":"standard","meta":{"footnotes":""},"categories":[3],"tags":[],"class_list":["post-17453","post","type-post","status-publish","format-standard","has-post-thumbnail","hentry","category-vaticano"],"_links":{"self":[{"href":"https:\/\/catolicanet.net\/wp-cnet\/wp-json\/wp\/v2\/posts\/17453","targetHints":{"allow":["GET"]}}],"collection":[{"href":"https:\/\/catolicanet.net\/wp-cnet\/wp-json\/wp\/v2\/posts"}],"about":[{"href":"https:\/\/catolicanet.net\/wp-cnet\/wp-json\/wp\/v2\/types\/post"}],"author":[{"embeddable":true,"href":"https:\/\/catolicanet.net\/wp-cnet\/wp-json\/wp\/v2\/users\/1"}],"replies":[{"embeddable":true,"href":"https:\/\/catolicanet.net\/wp-cnet\/wp-json\/wp\/v2\/comments?post=17453"}],"version-history":[{"count":1,"href":"https:\/\/catolicanet.net\/wp-cnet\/wp-json\/wp\/v2\/posts\/17453\/revisions"}],"predecessor-version":[{"id":27709,"href":"https:\/\/catolicanet.net\/wp-cnet\/wp-json\/wp\/v2\/posts\/17453\/revisions\/27709"}],"wp:featuredmedia":[{"embeddable":true,"href":"https:\/\/catolicanet.net\/wp-cnet\/wp-json\/wp\/v2\/media\/17452"}],"wp:attachment":[{"href":"https:\/\/catolicanet.net\/wp-cnet\/wp-json\/wp\/v2\/media?parent=17453"}],"wp:term":[{"taxonomy":"category","embeddable":true,"href":"https:\/\/catolicanet.net\/wp-cnet\/wp-json\/wp\/v2\/categories?post=17453"},{"taxonomy":"post_tag","embeddable":true,"href":"https:\/\/catolicanet.net\/wp-cnet\/wp-json\/wp\/v2\/tags?post=17453"}],"curies":[{"name":"wp","href":"https:\/\/api.w.org\/{rel}","templated":true}]}}