{"id":1744,"date":"2023-05-18T00:00:00","date_gmt":"2023-05-18T03:00:00","guid":{"rendered":"http:\/\/catolicanet.net\/wp-cnet\/sao-felix-de-cantalice-sao-joao-i-sao-leonardo-murialdo\/"},"modified":"2023-01-02T16:48:45","modified_gmt":"2023-01-02T19:48:45","slug":"sao-felix-de-cantalice-sao-joao-i-sao-leonardo-murialdo","status":"publish","type":"post","link":"https:\/\/catolicanet.net\/wp-cnet\/sao-felix-de-cantalice-sao-joao-i-sao-leonardo-murialdo\/","title":{"rendered":"S\u00e3o F\u00e9lix de Cantalice \/ S\u00e3o Jo\u00e3o I \/ S\u00e3o Leonardo Murialdo"},"content":{"rendered":"<p style=\"text-align: justify;\"><strong>S\u00e3o F\u00e9lix de Cantalice<\/strong><\/p>\n<p>S\u00e3o F\u00e9lix de Cantalice nasceu no ano de 1513, em Catalice, era filho de humildes camponeses, tendo sido sua inf\u00e2ncia de trabalho \u00e1rduo no campo. Foi muito admirado pela sua humildade e simplicidade de vida por seus amigos S\u00e3o Felipe Neri, e S\u00e3o Carlos Borromeu.<\/p>\n<p>Voltado \u00e0 ora\u00e7\u00e3o, e com sua inclina\u00e7\u00e3o religiosa, aos 27 anos, entrou em um convento de capuchinhos, na qualidade de irm\u00e3o converso. Foi mais tarde enviada a Roma, onde passou 40 anos fazendo parte de um convento, pedindo esmolas para distribui-las aos pobres e doentes para confort\u00e1-los a noite.<\/p>\n<p>S\u00e3o F\u00e9lix de Cantalice morreu com 74 anos, no dia 18 de maio de 1587 e foi canonizado no ano de 1709.<\/p>\n<p style=\"text-align: justify;\">S\u00e3o F\u00e9lix de Cantalice, rogai por n\u00f3s!<\/p>\n<p>_____________________________________________________________________<\/p>\n<p style=\"text-align: justify;\"><strong>S\u00e3o Jo\u00e3o I<\/strong><\/p>\n<p><img loading=\"lazy\" decoding=\"async\" class=\"alignleft\" src=\"http:\/\/www.oarcanjo.net\/site\/wp-content\/uploads\/Sao-Joao-I.jpg\" alt=\"Resultado de imagem para S\u00e3o Jo\u00e3o I\" width=\"246\" height=\"347\" \/>Jo\u00e3o nasceu em T\u00fasculo, uma prov\u00edncia da It\u00e1lia. Foi eleito sucessor do Papa Hormisda, em 523, e costuma ser identificado como Jo\u00e3o Di\u00e1cono, autor da ep\u00edstola &#8220;Ad Senartun&#8221;, importante para a hist\u00f3ria da liturgia batismal. \u00c9 reconhecido tamb\u00e9m pela autoria de &#8220;A F\u00e9 Cat\u00f3lica&#8221;, transmitida pelos antigos, entre as obras do fil\u00f3sofo e m\u00e1rtir S\u00e3o Severino Bo\u00e9cio, cujo trabalho exerceu grande influencia sobre S\u00e3o Tom\u00e1s d\u00c1quino. Vejamos qual foi a situa\u00e7\u00e3o herdada pelo Papa Jo\u00e3o I.<\/p>\n<p>O Papa Hormisda e o imperador Justino, tinham feito cessar o cisma entre Roma e Constantinopla, que iniciara em 484, com o ent\u00e3o imperador Zen\u00e3o, atrav\u00e9s do que parecia imposs\u00edvel: um acordo entre cat\u00f3licos e arianos. Com esse esquema obtivera bons resultados pol\u00edtico, pois os godos eram arianos.<\/p>\n<p>Por\u00e9m, no final de 524, o imperador Justino publicou um decreto ordenando o fechamento das igrejas arianas de Constantinopla e a exclus\u00e3o dos arianos de toda a fun\u00e7\u00e3o civil e militar.<\/p>\n<p>Roma era ent\u00e3o governada pelo imperador Teodorico, o grande, o rei dos b\u00e1rbaros arianos que tinha invadido a It\u00e1lia. Ele obrigou o Papa Jo\u00e3o I a viajar \u00e0 Constantinopla para solicitar ao imperador Justino a revoga\u00e7\u00e3o daquele decreto.<\/p>\n<p>Apesar de o imperador Justino ter-se ajoelhado perante o primeiro Sumo Pont\u00edfice a pisar em Constantinopla, ele n\u00e3o conseguiu demov\u00ea-lo da persegui\u00e7\u00e3o aos arianos. A solicita\u00e7\u00e3o foi atendida apenas em parte, o imperador concordou em devolver as igrejas confiscadas aos arianos, mas manteve o impedimento dos arianos convertidos ao catolicismo, poderem retornar ao arianismo.<\/p>\n<p>Com o fracasso de sua miss\u00e3o, o Papa Jo\u00e3o I despertou a ira do imperador Teodorico. Assim, quando colocou os p\u00e9s em Roma foi detido e aprisionado em Ravena, onde morreu no dia 18 de maio de 526. Foi ent\u00e3o declarado m\u00e1rtir da Igreja.<\/p>\n<p style=\"text-align: justify;\">S\u00e3o Jo\u00e3o I, rogai por n\u00f3s!<\/p>\n<p>_____________________________________________________________________<\/p>\n<p><strong>S\u00e3o Leonardo Murialdo<\/strong><\/p>\n<p><img loading=\"lazy\" decoding=\"async\" class=\"alignleft\" src=\"http:\/\/site.ucdb.br\/public\/santos\/9404-sao-leonardo-murialdo.jpg\" alt=\"Resultado de imagem para S\u00e3o Leonardo Murialdo\" width=\"247\" height=\"354\" \/>Leonardo Murialdo nasceu na It\u00e1lia no dia 26 de outubro de 1828 e, aos cinco anos j\u00e1 era \u00f3rf\u00e3o de pai. A fam\u00edlia era abastada, numerosa, profundamente crist\u00e3 e muito tradicional em Turim, sua cidade natal. Isso lhe garantiu uma boa forma\u00e7\u00e3o acad\u00eamica e religiosa. A m\u00e3e, sua primeira educadora, o enviou para Savona para estudar no col\u00e9gio dos padres Scolapi.<\/p>\n<p>Na adolesc\u00eancia, atravessou uma s\u00e9ria crise de identidade, ficando indeciso entre ser um oficial do rei Carlos Alberto ou engenheiro. Mas a vida dos jovens pobres e \u00f3rf\u00e3os, sem oportunidades e perspectivas lhe trazia grandes ang\u00fastias e desejava fazer algo por eles. Por isso Leonardo escolheu o caminho do sacerd\u00f3cio e da caridade, para aplacar essa grande inquieta\u00e7\u00e3o de sua alma. Com muito estudo tornou-se doutor em teologia em 1850 e depois foi ordenado sacerdote, em 1851.<\/p>\n<p>Seus primeiros anos de minist\u00e9rio se distinguiram pela dedica\u00e7\u00e3o \u00e0 catequese das crian\u00e7as e \u00e0 cria\u00e7\u00e3o de v\u00e1rios orfanatos dedicados aos jovens pobres da periferia, aos \u00f3rf\u00e3os e abandonados. A sua mentalidade aberta e o trabalho voltado \u00e0 juventude lhe trouxeram o convite para ser reitor do Col\u00e9gio de Jovens Artes\u00e3os, o qual aceitou com amor.<\/p>\n<p>Na dire\u00e7\u00e3o do col\u00e9gio, Leonardo instaurou um clima de moralidade, harmonia, forma\u00e7\u00e3o religiosa e disciplina familiar, apoiado por competentes colaboradores, leigos e religiosos. Com essa pol\u00edtica, assegurou a muitos jovens o acesso a uma adequada forma\u00e7\u00e3o crist\u00e3, cultural e profissional. Ali os jovens, assistidos de perto por Leonardo, ingressavam com a idade de oito anos e recebiam forma\u00e7\u00e3o at\u00e9 os vinte quatro anos, quando conseguiam um trabalho qualificado.<\/p>\n<p>O \u00eaxito da sua pedagogia do amor fez com que o pequeno col\u00e9gio crescesse em tamanho e em express\u00e3o. Surgiram de v\u00e1rias partes da It\u00e1lia solicita\u00e7\u00f5es para a cria\u00e7\u00e3o desses col\u00e9gios de apoio \u00e0 juventude. Nesse momento, Leonardo criou a Pia Sociedade Turinense de S\u00e3o Jos\u00e9, mais conhecida como Congrega\u00e7\u00e3o de S\u00e3o Jos\u00e9, que se espalhou pela Europa, \u00c1frica e Am\u00e9ricas.<\/p>\n<p>A entrega total \u00e0 essa miss\u00e3o e as extenuantes horas de trabalho lhe custaram graves danos \u00e0 sa\u00fade. Em 30 de mar\u00e7o de 1900, depois de v\u00e1rias crises de pneumonia, Leonardo morreu. Em 1970 foi canonizado pelo Papa Paulo VI. A festa de S\u00e3o Leonardo Murialdo foi designada para o dia 18 de maio.<\/p>\n<p style=\"text-align: justify;\">S\u00e3o Leonardo Murialdo, rogai por n\u00f3s!<\/p>\n<div id=\"J#1366461557bled72eb4b\"><\/div>\n","protected":false},"excerpt":{"rendered":"<p>S\u00e3o F\u00e9lix de Cantalice S\u00e3o F\u00e9lix de Cantalice nasceu no ano de 1513, em Catalice, era filho de humildes camponeses, tendo sido sua inf\u00e2ncia de trabalho \u00e1rduo no campo. Foi muito admirado pela sua humildade e simplicidade de vida por seus amigos S\u00e3o Felipe Neri, e S\u00e3o Carlos Borromeu. Voltado \u00e0 ora\u00e7\u00e3o, e com sua [&hellip;]<\/p>\n","protected":false},"author":1,"featured_media":22343,"comment_status":"closed","ping_status":"closed","sticky":false,"template":"","format":"standard","meta":{"footnotes":""},"categories":[32],"tags":[],"class_list":["post-1744","post","type-post","status-publish","format-standard","has-post-thumbnail","hentry","category-santo-do-dia"],"_links":{"self":[{"href":"https:\/\/catolicanet.net\/wp-cnet\/wp-json\/wp\/v2\/posts\/1744","targetHints":{"allow":["GET"]}}],"collection":[{"href":"https:\/\/catolicanet.net\/wp-cnet\/wp-json\/wp\/v2\/posts"}],"about":[{"href":"https:\/\/catolicanet.net\/wp-cnet\/wp-json\/wp\/v2\/types\/post"}],"author":[{"embeddable":true,"href":"https:\/\/catolicanet.net\/wp-cnet\/wp-json\/wp\/v2\/users\/1"}],"replies":[{"embeddable":true,"href":"https:\/\/catolicanet.net\/wp-cnet\/wp-json\/wp\/v2\/comments?post=1744"}],"version-history":[{"count":3,"href":"https:\/\/catolicanet.net\/wp-cnet\/wp-json\/wp\/v2\/posts\/1744\/revisions"}],"predecessor-version":[{"id":22344,"href":"https:\/\/catolicanet.net\/wp-cnet\/wp-json\/wp\/v2\/posts\/1744\/revisions\/22344"}],"wp:featuredmedia":[{"embeddable":true,"href":"https:\/\/catolicanet.net\/wp-cnet\/wp-json\/wp\/v2\/media\/22343"}],"wp:attachment":[{"href":"https:\/\/catolicanet.net\/wp-cnet\/wp-json\/wp\/v2\/media?parent=1744"}],"wp:term":[{"taxonomy":"category","embeddable":true,"href":"https:\/\/catolicanet.net\/wp-cnet\/wp-json\/wp\/v2\/categories?post=1744"},{"taxonomy":"post_tag","embeddable":true,"href":"https:\/\/catolicanet.net\/wp-cnet\/wp-json\/wp\/v2\/tags?post=1744"}],"curies":[{"name":"wp","href":"https:\/\/api.w.org\/{rel}","templated":true}]}}