{"id":17438,"date":"2016-08-29T12:42:26","date_gmt":"2016-08-29T15:42:26","guid":{"rendered":"http:\/\/catolicanet.net\/wp-cnet\/2016\/08\/29\/intolerancia-zero\/"},"modified":"2017-05-08T09:20:22","modified_gmt":"2017-05-08T12:20:22","slug":"intolerancia-zero","status":"publish","type":"post","link":"https:\/\/catolicanet.net\/wp-cnet\/intolerancia-zero\/","title":{"rendered":"Intoler\u00e2ncia zero"},"content":{"rendered":"<p style=\"text-align: justify;\">Tanto o pobre pastor americano que queimou um exemplar do livro sagrado dos mu\u00e7ulmanos, o Alcor\u00e3o, quanto os seguidores afeg\u00e3os de Al\u00e1 que retaliam a ofensa matando ocidentais e queimando bandeiras ou atacando embaixadas, agiram e agem como cegos, tristes cegos. A intoler\u00e2ncia n\u00e3o condiz com a vontade de Deus, nunca. Assim, com gestos de intoler\u00e2ncia aqui, protestos ali e revolta acol\u00e1, o mundo caminha para um precip\u00edcio sem igual. <br \/> Lembro-me, com tristeza, da intoler\u00e2ncia que um dia maculou o seio da comunidade crist\u00e3, pois que aos cat\u00f3licos era proibido o uso de B\u00edblias evang\u00e9licas e aos evang\u00e9licos, vice-versa. Ainda perduram por a\u00ed resqu\u00edcios dessa intoler\u00e2ncia religiosa, que nada constr\u00f3i e s\u00f3 contribui para nos afastar mais e mais uns dos outros, nunca proporcionando o di\u00e1logo sereno e exemplar que a f\u00e9 crist\u00e3 nos sugere.\u00a0 Sabemos por experi\u00eancia com a vontade de Deus que tais atitudes est\u00e3o ausentes de qualquer livro sagrado, pois que em todos eles o Pai se nos revela como \u00e1gape, amor pleno, total, independentemente da fac\u00e7\u00e3o religiosa \u00e0 qual nos inserimos, seja ela crist\u00e3, mu\u00e7ulmana, judaica ou mesmo das correntes do livre pensamento. Isso n\u00e3o muda, n\u00e3o pode mudar o car\u00e1ter amoroso do Pai Criador. <br \/> O importante \u00e9 que as tr\u00eas grandes religi\u00f5es monote\u00edstas nos ensinam o respeito e a cren\u00e7a num \u00fanico Deus, ao qual devemos obedi\u00eancia e respeito aos seus ensinamentos, sejam estes revelados por Jesus, Maom\u00e9 ou Mois\u00e9s. Os cinco pilares do Isl\u00e3 n\u00e3o diferem em nada dos pilares da f\u00e9 crist\u00e3 ou judaica. Exigem a profiss\u00e3o de f\u00e9, a ora\u00e7\u00e3o, o jejum, a solidariedade e a peregrina\u00e7\u00e3o ou ao menos o olhar constante aos pontos de refer\u00eancias sagrados de cada religi\u00e3o. Curiosamente, as tr\u00eas religi\u00f5es t\u00eam em comum uma mesma cidade santa, Jerusal\u00e9m. L\u00e1 Maom\u00e9 subiu ao c\u00e9u para se encontrar com Mois\u00e9s e Jesus. L\u00e1 Jesus ressuscitou dos mortos. L\u00e1 Abra\u00e3o ergueu seu grande altar para sacrificar seu filho \u00fanico, Isaac. Ou seja, a Cidade Santa, palco das grandes revela\u00e7\u00f5es divinas &#8211; em especial para os crist\u00e3os cen\u00e1rio do Calv\u00e1rio (morte) e Ressurrei\u00e7\u00e3o (vida plena) de Jesus &#8211; n\u00e3o pode continuar como ponto de diverg\u00eancias que afetam ainda hoje a Paz entre os homens, mas deveria ser (e h\u00e1 de ser) o ponto de conflu\u00eancia de todas as quest\u00f5es que dificultam a harmonia entre os povos. <br \/> N\u00e3o por acaso, o tema central do Alcor\u00e3o \u00e9 o duplo movimento do homem em dire\u00e7\u00e3o a Deus e Deus em dire\u00e7\u00e3o ao homem. \u201cNa verdade, somos de Deus e a Ele retornamos\u201d (II,156). O tema central desse importante livro sagrado \u00e9 exatamente a pr\u00e1tica da bondade, generosidade e justi\u00e7a no relacionamento social. Em nada difere das propostas b\u00edblicas ou do tora judaico. Tamb\u00e9m registra passagens do Antigo Testamento judaico-crist\u00e3o e prega a vida ap\u00f3s a morte, o Ju\u00edzo Final e a ressurrei\u00e7\u00e3o. Como vemos, temos muito em comum.<br \/> Not\u00edcias, como as que hoje nos d\u00e3o conta das retalia\u00e7\u00f5es religiosas no mundo, ferem, com certeza, o cora\u00e7\u00e3o do Pai que temos em comum. N\u00e3o podemos entender e aceitar tais divis\u00f5es, donde emanam atitudes mal-cheirosas que nunca partiram ou partiriam de Deus: vingan\u00e7a, \u00f3dio, fanatismo. Isso \u00e9 pr\u00f3prio do humano sem Deus. Isso s\u00f3 denigre a a\u00e7\u00e3o mission\u00e1ria de qualquer religi\u00e3o. Afasta e dificulta o ser humano de entender nossa f\u00e9, nosso m\u00ednimo esfor\u00e7o de dizer ao mundo que Deus nos ama e deseja a salva\u00e7\u00e3o de todos, independentemente de qualquer credo ou profiss\u00e3o religiosa. Shallon, meu irm\u00e3o judeu! Al\u00e1 nos guarde! Deus seja louvado!<\/p>\n","protected":false},"excerpt":{"rendered":"<p>Tanto o pobre pastor americano que queimou um exemplar do livro sagrado dos mu\u00e7ulmanos, o Alcor\u00e3o, quanto os seguidores afeg\u00e3os de Al\u00e1 que retaliam a ofensa matando ocidentais e queimando bandeiras ou atacando embaixadas, agiram e agem como cegos, tristes cegos. A intoler\u00e2ncia n\u00e3o condiz com a vontade de Deus, nunca. Assim, com gestos de [&hellip;]<\/p>\n","protected":false},"author":17,"featured_media":0,"comment_status":"open","ping_status":"open","sticky":false,"template":"","format":"standard","meta":{"footnotes":""},"categories":[9],"tags":[],"class_list":["post-17438","post","type-post","status-publish","format-standard","hentry","category-artigos"],"_links":{"self":[{"href":"https:\/\/catolicanet.net\/wp-cnet\/wp-json\/wp\/v2\/posts\/17438","targetHints":{"allow":["GET"]}}],"collection":[{"href":"https:\/\/catolicanet.net\/wp-cnet\/wp-json\/wp\/v2\/posts"}],"about":[{"href":"https:\/\/catolicanet.net\/wp-cnet\/wp-json\/wp\/v2\/types\/post"}],"author":[{"embeddable":true,"href":"https:\/\/catolicanet.net\/wp-cnet\/wp-json\/wp\/v2\/users\/17"}],"replies":[{"embeddable":true,"href":"https:\/\/catolicanet.net\/wp-cnet\/wp-json\/wp\/v2\/comments?post=17438"}],"version-history":[{"count":1,"href":"https:\/\/catolicanet.net\/wp-cnet\/wp-json\/wp\/v2\/posts\/17438\/revisions"}],"predecessor-version":[{"id":21356,"href":"https:\/\/catolicanet.net\/wp-cnet\/wp-json\/wp\/v2\/posts\/17438\/revisions\/21356"}],"wp:attachment":[{"href":"https:\/\/catolicanet.net\/wp-cnet\/wp-json\/wp\/v2\/media?parent=17438"}],"wp:term":[{"taxonomy":"category","embeddable":true,"href":"https:\/\/catolicanet.net\/wp-cnet\/wp-json\/wp\/v2\/categories?post=17438"},{"taxonomy":"post_tag","embeddable":true,"href":"https:\/\/catolicanet.net\/wp-cnet\/wp-json\/wp\/v2\/tags?post=17438"}],"curies":[{"name":"wp","href":"https:\/\/api.w.org\/{rel}","templated":true}]}}