{"id":17435,"date":"2016-08-27T03:00:00","date_gmt":"2016-08-27T06:00:00","guid":{"rendered":"http:\/\/catolicanet.net\/wp-cnet\/2016\/08\/27\/vocacao-dos-catequistas\/"},"modified":"2017-05-08T09:21:52","modified_gmt":"2017-05-08T12:21:52","slug":"vocacao-dos-catequistas","status":"publish","type":"post","link":"https:\/\/catolicanet.net\/wp-cnet\/vocacao-dos-catequistas\/","title":{"rendered":"Voca\u00e7\u00e3o dos Catequistas"},"content":{"rendered":"<p style=\"text-align: justify;\">No quarto domingo de agosto, dentro do m\u00eas vocacional, celebramos a voca\u00e7\u00e3o dos leigos e leigas e, no \u00faltimo domingo, o Dia do Catequista. Neste ano ambos caem no mesmo domingo, pois temos apenas quatro domingos em agosto.<br \/> Neste domingo, a Igreja insiste no protagonismo dos leigos, seja nos \u00e2mbitos da f\u00e9 e da comunidade eclesial, mas preferencialmente na esfera do mundo. O leigo crist\u00e3o tem a miss\u00e3o de ser o fermento de transforma\u00e7\u00e3o profunda das realidades temporais, vivendo na comunh\u00e3o da Igreja.<br \/>Na Igreja no Brasil temos um n\u00famero muito grande de catequistas. S\u00e3o homens e mulheres que, cientes de sua responsabilidade crist\u00e3, assumem o servi\u00e7o de educar e formar crian\u00e7as, jovens e adultos, preparando-os n\u00e3o s\u00f3 para os sacramentos, de modo particular a Santa Eucaristia, mas para testemunhar com a pr\u00f3pria vida a pessoa de Jesus e o seu Evangelho. Da catequese familiar e eclesial dependem a maturidade da f\u00e9 dos crist\u00e3os e a vivacidade e o testemunho da Igreja.<br \/> A voca\u00e7\u00e3o dos catequistas \u00e9 uma das mais importantes na f\u00e9 cat\u00f3lica, porque eles s\u00e3o os transmissores da f\u00e9 recebida de nossos pais. Ser catequista \u00e9 ter consci\u00eancia de ser chamado e enviado para educar e formar na f\u00e9. Sabemos que h\u00e1 diversidade de dons e de minist\u00e9rios, mas o Esp\u00edrito Santo \u00e9 o mesmo. Existem diversos modos de a\u00e7\u00e3o, mas \u00e9 o mesmo Deus que age em todos e realiza tudo em todos. \u00c9 assim que nos diz a B\u00edblia, a Palavra de Deus. Carisma \u00e9 um dom do alto, que torna seu portador apto a desempenhar determinadas atividades e servi\u00e7os em vista da evangeliza\u00e7\u00e3o e da salva\u00e7\u00e3o. Todo catequista tem um carisma e recebe este dom, que assume a forma do servi\u00e7o da catequese na comunidade. \u00c9 uma gra\u00e7a acolhida e reconhecida pela comunidade eclesial, que comporta estabilidade e responsabilidade. Ser catequista \u00e9 uma voca\u00e7\u00e3o e uma miss\u00e3o.<br \/>Uma das preocupa\u00e7\u00f5es fundamentais da Igreja hoje \u00e9 a forma\u00e7\u00e3o de seus agentes pastorais. Temos necessidade de muitos e santos evangelizadores. A voca\u00e7\u00e3o \u00e9 essencialmente eclesial e est\u00e1 destinada ao servi\u00e7o e ao bem da comunidade. A Igreja, como assembleia dos vocacionados \u00e0 santidade, tem o compromisso e o dever de preparar, adequadamente, seus filhos e filhos para que realizem, com f\u00e9, amor e efic\u00e1cia, o projeto de evangeliza\u00e7\u00e3o. Pela catequese, a Igreja contribui para que cada batizado cres\u00e7a, amadure\u00e7a e frutifique sua f\u00e9. Sabemos que uma das tarefas mais importantes da Igreja \u00e9 ajudar cada um a encontrar seu projeto de vida, a perceber o chamado de Deus.<br \/>Aos fi\u00e9is leigos e leigas compete, por voca\u00e7\u00e3o pr\u00f3pria, buscar o Reino de Deus ocupando-se das coisas temporais e ordenando-as segundo o Criador. Vivem no mundo, isto \u00e9, no meio de todas e cada uma das atividades e profiss\u00f5es, e nas circunst\u00e2ncias ordin\u00e1rias da vida familiar e social, as quais como que tecem a sua exist\u00eancia. A\u00ed os chama Deus a contribu\u00edrem, do interior, \u00e0 maneira de fermento, para a santifica\u00e7\u00e3o do mundo, atrav\u00e9s de sua pr\u00f3pria fun\u00e7\u00e3o.\u00a0 A eles compete muito especialmente esclarecer e ordenar todas as coisas temporais, com as quais est\u00e3o intimamente comprometidos, de tal maneira que sempre se realizem segundo o esp\u00edrito de Cristo, se desenvolvam e louvem o Criador e o Redentor. Por isso, neste domingo, de modo especial, rezemos por todos os leigos e por todos os catequistas para que sejam \u201cSal da terra e luz do mundo\u201d.<br \/>O Papa Francisco, enquanto Arcebispo de Buenos Aires, em agosto de 2001, dirigiu a seguinte mensagem intitulada \u201cDeixar-se encontrar para facilitar o encontro\u201d, aos seus catequistas, em que disse: \u201cA catequese necessita de catequistas santos, que contagiem com sua pr\u00f3pria presen\u00e7a, que ajudem, com seu testemunho de vida, a superar uma civiliza\u00e7\u00e3o individualista, dominada por uma \u2018\u00e9tica minimalista e uma religiosidade superficial\u2019. Hoje, mais do que nunca, urge a necessidade de se deixar encontrar pelo Amor, que sempre tem a iniciativa para ajudar os homens a experimentar a Boa-Nova do encontro\u201d. (cf. Anunciar o Evangelho \u2013 Mensagens aos catequistas, Cardeal Bergoglio, Ecclesiae, p\u00e1g. 18). Continua o futuro Papa: \u201cMas todos esperam, buscam. desejam ver Jesus. E por isso necessitam dos que creem, especialmente dos catequistas que \u2018n\u00e3o s\u00f3 lhes falem de Cristo, mas tamb\u00e9m que de certa forma lh\u2019O fa\u00e7am ver&#8230; Mas, o nosso testemunho seria excessivamente pobre se n\u00e3o f\u00f4ssemos primeiro contemplativos do seu rosto\u201d. (Obra citada, p\u00e1g. 19).<br \/>J\u00e1 como Romano Pont\u00edfice, o Papa Francisco ensinou a receita do catequista que: &#8220;partir novamente de Cristo significa imit\u00e1-Lo no sair de si e ir ao encontro do outro. Essa \u00e9 uma experi\u00eancia bonita, e um pouco paradoxal. Por qual motivo? Porque quem coloca no centro da pr\u00f3pria vida Cristo, se descentra! Quanto mais se une a Jesus e Ele se torna o centro da sua vida, mais Ele o faz sair de si mesmo, o descentra e abre voc\u00ea aos outros\u201d. &#8220;O cora\u00e7\u00e3o do catequista vive sempre esse movimento de &#8216;sistole \u2013 diastole&#8217;: uni\u00e3o com Jesus \u2013 encontro com o outro. Sistole \u2013 diastole. Se falta um desses dois movimentos, n\u00e3o bate mais, n\u00e3o pode viver&#8221;. (http:\/\/br.radiovaticana.va\/storico\/2013\/09\/27\/francisco_aos_catequistas_sejam_criativos,_n%C3%A3o_tenham_medo_de_romper\/bra-732465, visualizado em 21 de agosto de 2016).<br \/> A pessoa do catequista \u00e9 fundamental para a vida da Igreja. Por meio dela a Igreja vai exercendo de um modo espec\u00edfico a \u201ceduca\u00e7\u00e3o da f\u00e9\u201d. Bela miss\u00e3o, rica de possibilidades e tamb\u00e9m de desafios imensos. Ao percorrer um ano de atividades, nas suas mais variadas express\u00f5es e condi\u00e7\u00f5es, segundo as diversas realidades pessoais, culturais, geogr\u00e1ficas e mesmo de experi\u00eancia de f\u00e9, convidamos todas as pessoas que exercem essa bela e \u00e1rdua miss\u00e3o a lan\u00e7arem um olhar sobre o caminho percorrido, para avalia\u00e7\u00e3o e um olhar para o futuro, para programa\u00e7\u00e3o.<br \/> Para cumprir bem sua miss\u00e3o, o catequista deve ser uma pessoa inserida na comunidade eclesial, ter um esp\u00edrito de abertura e humildade para procurar sempre crescer. \u00c9 indispens\u00e1vel que o catequista tenha uma experi\u00eancia pessoal e comunit\u00e1ria da f\u00e9 para que sua miss\u00e3o seja frutuosa. Importante, ainda, \u00e9 a participa\u00e7\u00e3o do catequista em cursos de capacita\u00e7\u00e3o, mas \u00e9 necess\u00e1rio tamb\u00e9m que tenha consci\u00eancia de ser membro de uma equipe que trabalha para o mesmo objetivo e, por isso, deve cultivar uma vida comum, refletir, organizar, trabalhar e avaliar junto e, ainda, celebrar comunitariamente a f\u00e9 e a miss\u00e3o. <br \/> Ao cumprimentar todos os queridos catequistas e as queridas catequistas de nossa Arquidiocese, expoentes fundamentais da transmiss\u00e3o da f\u00e9 cat\u00f3lica e da educa\u00e7\u00e3o das novas gera\u00e7\u00f5es, o fa\u00e7o com o cora\u00e7\u00e3o em festa, e espero que chegue a cada um e a cada uma meu mais comovente \u201cDeus lhe pague\u201d pelo seu trabalho. Sei que o seu aben\u00e7oado trabalho \u00e9 feito em nome de Cristo. Por isso, s\u00e3o atual\u00edssimas as palavras do Papa Francisco que v\u00e3o nos guiar neste dia, em a\u00e7\u00e3o de gra\u00e7as por cada catequista de nossa Igreja: \u201cCada ser humano precisa sempre mais de Cristo, e a evangeliza\u00e7\u00e3o n\u00e3o deveria deixar que algu\u00e9m se contente com pouco, mas possa dizer com plena verdade: \u00abJ\u00e1 n\u00e3o sou eu que vivo, mas \u00e9 Cristo que vive em mim\u00bb (Gal 2, 20)\u201d. (Papa Francisco, Evangelii Gaudium, 160). Nossos catequistas poder\u00e3o dizer com santa felicidade: \u201cJ\u00e1 n\u00e3o sou eu que vivo, mas \u00e9 Cristo que vive em mim\u201d (Gal 2,20). Essa \u00e9 a nossa f\u00e9, a nossa miss\u00e3o: viver para Cristo e anunci\u00e1-Lo e testemunh\u00e1-Lo a todos. Sejamos eficazes nesta nossa santa miss\u00e3o. Que a Virgem Aparecida nos ilumine e continue fortalecendo todos os nossos catequistas!<\/p>\n","protected":false},"excerpt":{"rendered":"<p>No quarto domingo de agosto, dentro do m\u00eas vocacional, celebramos a voca\u00e7\u00e3o dos leigos e leigas e, no \u00faltimo domingo, o Dia do Catequista. Neste ano ambos caem no mesmo domingo, pois temos apenas quatro domingos em agosto. Neste domingo, a Igreja insiste no protagonismo dos leigos, seja nos \u00e2mbitos da f\u00e9 e da comunidade [&hellip;]<\/p>\n","protected":false},"author":5,"featured_media":0,"comment_status":"open","ping_status":"open","sticky":false,"template":"","format":"standard","meta":{"footnotes":""},"categories":[9],"tags":[],"class_list":["post-17435","post","type-post","status-publish","format-standard","hentry","category-artigos"],"_links":{"self":[{"href":"https:\/\/catolicanet.net\/wp-cnet\/wp-json\/wp\/v2\/posts\/17435","targetHints":{"allow":["GET"]}}],"collection":[{"href":"https:\/\/catolicanet.net\/wp-cnet\/wp-json\/wp\/v2\/posts"}],"about":[{"href":"https:\/\/catolicanet.net\/wp-cnet\/wp-json\/wp\/v2\/types\/post"}],"author":[{"embeddable":true,"href":"https:\/\/catolicanet.net\/wp-cnet\/wp-json\/wp\/v2\/users\/5"}],"replies":[{"embeddable":true,"href":"https:\/\/catolicanet.net\/wp-cnet\/wp-json\/wp\/v2\/comments?post=17435"}],"version-history":[{"count":1,"href":"https:\/\/catolicanet.net\/wp-cnet\/wp-json\/wp\/v2\/posts\/17435\/revisions"}],"predecessor-version":[{"id":21359,"href":"https:\/\/catolicanet.net\/wp-cnet\/wp-json\/wp\/v2\/posts\/17435\/revisions\/21359"}],"wp:attachment":[{"href":"https:\/\/catolicanet.net\/wp-cnet\/wp-json\/wp\/v2\/media?parent=17435"}],"wp:term":[{"taxonomy":"category","embeddable":true,"href":"https:\/\/catolicanet.net\/wp-cnet\/wp-json\/wp\/v2\/categories?post=17435"},{"taxonomy":"post_tag","embeddable":true,"href":"https:\/\/catolicanet.net\/wp-cnet\/wp-json\/wp\/v2\/tags?post=17435"}],"curies":[{"name":"wp","href":"https:\/\/api.w.org\/{rel}","templated":true}]}}