{"id":1742,"date":"2012-05-18T17:24:18","date_gmt":"2012-05-18T20:24:18","guid":{"rendered":"http:\/\/catolicanet.net\/wp-cnet\/comeca-hoje-seminario-de-jovens-comunicadores\/"},"modified":"2017-03-21T10:17:00","modified_gmt":"2017-03-21T13:17:00","slug":"comeca-hoje-seminario-de-jovens-comunicadores","status":"publish","type":"post","link":"https:\/\/catolicanet.net\/wp-cnet\/comeca-hoje-seminario-de-jovens-comunicadores\/","title":{"rendered":"Come\u00e7a hoje Semin\u00e1rio de Jovens Comunicadores"},"content":{"rendered":"<p style=\"text-align: justify;\"><img decoding=\"async\" src=\"images\/stories\/jovenscomunicadores2012.jpg\" border=\"0\" align=\"left\" \/>Cerca de 300 jovens de todo o pa\u00eds devem participar do Semin\u00e1rio Nacional de Jovens Comunicadores, promovido pelas Comiss\u00f5es Episcopais de Comunica\u00e7\u00e3o e Juventude da CNBB. O evento ser\u00e1 aberto na noite de hoje em Bras\u00edlia, no col\u00e9gio Maria Auxiliadora. At\u00e9 o pr\u00f3ximo domingo (20\/05) vai debater a evangeliza\u00e7\u00e3o, juventude e novas m\u00eddias. O tema do semin\u00e1rio \u00e9 &#8220;Jovens cat\u00f3licos: comunica\u00e7\u00e3o que transforma vidas&#8221;.<\/p>\n<p>A programa\u00e7\u00e3o prev\u00ea, para este s\u00e1bado, a participa\u00e7\u00e3o do presidente do Pontif\u00edcio Conselho para as Comunica\u00e7\u00f5es Sociais, Dom Cl\u00e1udio Maria Celli. Por meio de videoconfer\u00eancia, ele vai falar sobre Comunica\u00e7\u00e3o e Evangeliza\u00e7\u00e3o. Tamb\u00e9m estar\u00e3o participando o padre Antonio Spadaro, especialista em ciberteologia; a professora de jornalismo digital Elizabeth Saad, da Universidade de S\u00e3o Paulo; o padre Gild\u00e1sio dos Santos, coordenador da Rede Salesiana de Comunica\u00e7\u00e3o; a irm\u00e3 Rosana Pulga, especialista em Comunica\u00e7\u00e3o Social e co-fundadora do Centro de Estudos e Pastoral B\u00edblica da Confer\u00eancia dos Bispos da Am\u00e9rica Latina e Caribe (Cebipal-Celam).<\/p>\n<p>Na solenidade de abertura esta noite, estar\u00e3o presentes o Secret\u00e1rio-Geral da CNBB, Dom Leonardo Steiner; o presidente da Comiss\u00e3o para a Juventude, Dom Eduardo Pinheiro; o presidente da Comiss\u00e3o para a Comunica\u00e7\u00e3o, Dom Dimas Lara Barbosa.<\/p>\n<p>A seguir a programa\u00e7\u00e3o do Semin\u00e1rio (sujeita a altera\u00e7\u00f5es):<\/p>\n<p>18 DE MAIO &#8211; SEXTA-FEIRA<\/p>\n<p>18h &#8211; Credenciamento, acolhida e jantar<br \/>20h Solenidade de Abertura<br \/>20h30 &#8211; Apresenta\u00e7\u00e3o cultural: teatro Canto das \u00cdrias<\/p>\n<p>19 DE MAIO &#8211; S\u00c1BADO<\/p>\n<p>7h30 &#8211; Chegada<br \/>8h &#8211; Leitura Orante na \u00f3tica da comunica\u00e7\u00e3o (Jo 4, 1-30) &#8211; Ir. Rosana Pulga<br \/>8h45 &#8211; Comunica\u00e7\u00e3o e Evangeliza\u00e7\u00e3o &#8211; videoconfer\u00eancia com o presidente do Pontif\u00edcio Conselho para as Comunica\u00e7\u00f5es, Dom Claudio Maria Celli<br \/>&#8211; Jovens cat\u00f3licos: comunica\u00e7\u00e3o que transforma vidas &#8211; Prof\u00ba Dr. Pe. Antonio Spadaro<br \/>10h50 &#8211; Intervalo<br \/>11h10 &#8211; Debate &#8211; perguntas ao Padre Antonio Spadaro<br \/>12h00 &#8211; Almo\u00e7o<br \/>14h00 &#8211; Gera\u00e7\u00e3o Y: atrair, enquadrar, reter ou s\u00f3 entender? &#8211; Prof\u00aa Dr\u00aa Elisabeth Saad <br \/>&#8211; Igreja: antenada e conectada &#8211; Prof. Dr. Pe. Gild\u00e1sio Mendes dos Santos <br \/>&#8211; Jovem Cat\u00f3lico: m\u00edstica do comunicador &#8211; Prof\u00ba Dr. Pe. Antonio Spadaro, SJ<br \/>15h50 &#8211; Intervalo<br \/>16h15 &#8211; Grupos de interatividade<br \/>17h15 &#8211; Plen\u00e1rio<br \/>18h30 &#8211; Celebra\u00e7\u00e3o Eucar\u00edstica presidida por Dom Dimas Lara Barbosa<br \/>20h00 &#8211; Jantar<br \/>21h00 &#8211; Apresenta\u00e7\u00e3o de dan\u00e7a<\/p>\n<p>20 DE MAIO &#8211; DOMINGO<br \/>8h &#8211; Chegada<br \/>8h30 &#8211; Grupos de interatividade<br \/>9h30 &#8211; Partilha: Como comunicar a vida crist\u00e3 no exerc\u00edcio de sua profiss\u00e3o?<br \/>10h30 &#8211; Intervalo<br \/>10h40 &#8211; Jovens Conectados e Plano Nacional de Evangeliza\u00e7\u00e3o &#8211; Dom Eduardo Pinheiro da Silva e Pe. Carlos S\u00e1vio da Costa Ribeiro<br \/>12h00 &#8211; Celebra\u00e7\u00e3o Eucar\u00edstica presidida por Dom Eduardo Pinheiro da Silva<br \/>13h30 &#8211; Almo\u00e7o e encerramento<\/p>\n<p>Fonte: CNBB<br \/>Local:Bras\u00edlia (DF)<\/p>\n","protected":false},"excerpt":{"rendered":"<p>Cerca de 300 jovens de todo o pa\u00eds devem participar do Semin\u00e1rio Nacional de Jovens Comunicadores, promovido pelas Comiss\u00f5es Episcopais de Comunica\u00e7\u00e3o e Juventude da CNBB. O evento ser\u00e1 aberto na noite de hoje em Bras\u00edlia, no col\u00e9gio Maria Auxiliadora. At\u00e9 o pr\u00f3ximo domingo (20\/05) vai debater a evangeliza\u00e7\u00e3o, juventude e novas m\u00eddias. O tema [&hellip;]<\/p>\n","protected":false},"author":1,"featured_media":1741,"comment_status":"closed","ping_status":"closed","sticky":false,"template":"","format":"standard","meta":{"footnotes":""},"categories":[7],"tags":[],"class_list":["post-1742","post","type-post","status-publish","format-standard","has-post-thumbnail","hentry","category-cnbb"],"_links":{"self":[{"href":"https:\/\/catolicanet.net\/wp-cnet\/wp-json\/wp\/v2\/posts\/1742","targetHints":{"allow":["GET"]}}],"collection":[{"href":"https:\/\/catolicanet.net\/wp-cnet\/wp-json\/wp\/v2\/posts"}],"about":[{"href":"https:\/\/catolicanet.net\/wp-cnet\/wp-json\/wp\/v2\/types\/post"}],"author":[{"embeddable":true,"href":"https:\/\/catolicanet.net\/wp-cnet\/wp-json\/wp\/v2\/users\/1"}],"replies":[{"embeddable":true,"href":"https:\/\/catolicanet.net\/wp-cnet\/wp-json\/wp\/v2\/comments?post=1742"}],"version-history":[{"count":1,"href":"https:\/\/catolicanet.net\/wp-cnet\/wp-json\/wp\/v2\/posts\/1742\/revisions"}],"predecessor-version":[{"id":6848,"href":"https:\/\/catolicanet.net\/wp-cnet\/wp-json\/wp\/v2\/posts\/1742\/revisions\/6848"}],"wp:featuredmedia":[{"embeddable":true,"href":"https:\/\/catolicanet.net\/wp-cnet\/wp-json\/wp\/v2\/media\/1741"}],"wp:attachment":[{"href":"https:\/\/catolicanet.net\/wp-cnet\/wp-json\/wp\/v2\/media?parent=1742"}],"wp:term":[{"taxonomy":"category","embeddable":true,"href":"https:\/\/catolicanet.net\/wp-cnet\/wp-json\/wp\/v2\/categories?post=1742"},{"taxonomy":"post_tag","embeddable":true,"href":"https:\/\/catolicanet.net\/wp-cnet\/wp-json\/wp\/v2\/tags?post=1742"}],"curies":[{"name":"wp","href":"https:\/\/api.w.org\/{rel}","templated":true}]}}