{"id":17408,"date":"2016-08-26T13:57:32","date_gmt":"2016-08-26T16:57:32","guid":{"rendered":"http:\/\/catolicanet.net\/wp-cnet\/2016\/08\/26\/marcos-mion-abre-o-coracao-e-surpreende-todos\/"},"modified":"2017-05-31T09:07:22","modified_gmt":"2017-05-31T12:07:22","slug":"marcos-mion-abre-o-coracao-e-surpreende-todos","status":"publish","type":"post","link":"https:\/\/catolicanet.net\/wp-cnet\/marcos-mion-abre-o-coracao-e-surpreende-todos\/","title":{"rendered":"Marcos Mion abre o cora\u00e7\u00e3o e surpreende todos"},"content":{"rendered":"<p style=\"text-align: justify;\"><img decoding=\"async\" src=\"http:\/\/www.catolicanet.com.br\/images\/stories\/noticias\/suzana_gullo.jpg\" border=\"0\" align=\"left\" \/>&#8220;Tudo tem seu tempo. E chegou a hora de dividir com voc\u00eas e tornar p\u00fablica a realidade que estamos vivendo na minha fam\u00edlia.&#8221;<\/p>\n<p>Reproduzimos, a seguir, o que Marcos Mion compartilhou em seu perfil do Facebook no \u00faltimo final de semana:<\/p>\n<p>Tudo tem seu tempo.<\/p>\n<p>E chegou a hora de dividir com vcs e tornar p\u00fablico a realidade que estamos vivendo na minha fam\u00edlia.<\/p>\n<p>Assim como milhares e milhares de mulheres, minha esposa Suzana, teve um diagn\u00f3stico de c\u00e2ncer de mama ao qual, com a orienta\u00e7\u00e3o de grandes m\u00e9dicos, conseguimos agir r\u00e1pido e VENCEMOS.<\/p>\n<p><img decoding=\"async\" src=\"http:\/\/www.catolicanet.com.br\/images\/stories\/noticias\/1012744_1396738163904041_1618444473_n.jpg\" border=\"0\" align=\"right\" \/>Temos a inten\u00e7\u00e3o de explicar aos nossos conhecidos o pq do nosso \u201csumi\u00e7o nos \u00faltimos 6 meses\u201d, mas principalmente alertar e conscientizar o maior n\u00famero de mulheres poss\u00edvel, pois aprendemos duramente que o c\u00e2ncer \u00e9 uma realidade que n\u00e3o distingue nada, nem ningu\u00e9m. E est\u00e1 mais pr\u00f3ximo do que a maioria pode querer.<br \/>Segue o texto que ela escreveu, dando esse passo \u00e0 frente e me enchendo de orgulho. Vc \u00e9 a mulher mais incr\u00edvel que j\u00e1 conheci, meu amor! Te amo.<\/p>\n<p style=\"text-align: justify;\">\u00a0<\/p>\n<p style=\"text-align: justify;\">Texto da Suzana Mion:<\/p>\n<p>Querida amiga quimioterapia,<br \/>Enfim chegamos ao final do nosso \u00edntimo relacionamento.<\/p>\n<p>Obrigada por todos os benef\u00edcios que voc\u00ea me deu, obrigada por me acompanhar durante os \u00faltimos seis meses e me mostrar que o melhor de mim nem mesmo eu conhecia. Obrigada por me mostrar a for\u00e7a e a coragem que descobri ter, dia ap\u00f3s dia. Obrigada por me ensinar que o cansa\u00e7o exaustivo, o mal estar constante, enjoo, fadiga, dores que nunca imaginei, a r\u00e1pida mudan\u00e7a de apar\u00eancia, entre tantos outros, s\u00e3o fatores que se tornam t\u00e3o pequenos, t\u00e3o insignificantes perto dos valores e virtudes que passamos a apreciar.<\/p>\n<p>Sei bem que n\u00e3o sentirei saudades, mas me despe\u00e7o com um profundo agradecimento.<\/p>\n<p>Prometo sempre te defender acima de tudo e prometo sempre passar adiante um segredo que descobri sobre voc\u00ea. \u00c9s muito mais eficiente e menos devastadora quando trabalha junto com a cren\u00e7a e a f\u00e9. Minha f\u00e9 cat\u00f3lica e a de todos que me querem bem me provaram isso sobre vc.<\/p>\n<p>Meu Pai e Senhor, sem voc\u00ea nada somos. Minha luta foi e sempre ser\u00e1 pela minha fam\u00edlia, pelos meus amores\u2026 pela VIDA!! Sempre venceremos JUNTOS!!<br \/>Sem voc\u00eas, meus amores, essa caminhada n\u00e3o seria poss\u00edvel da forma como foi. Toda minha coragem, for\u00e7a e confian\u00e7a vieram do meu Senhor, meu Deus e da minha fam\u00edlia.<\/p>\n<p>Ent\u00e3o preciso agradecer em primeiro lugar a Jesus e a Nossa Senhora por estarem comigo em todos os momentos, me dando muita paz, serenidade e confian\u00e7a.<br \/>Mesmo quando fisicamente n\u00e3o tinha ningu\u00e9m ao meu lado, sempre senti a presen\u00e7a deles e soube que estavam comigo.<\/p>\n<p>Obrigada meus amores, meu MARIDO, meus m\u00e9dicos, meus filhos, minha m\u00e3e, meu pai, irm\u00e3os, cunhadas, meus sogros e amigos queridos que durante esse per\u00edodo foram o meu tudo! Minha base, for\u00e7a, alegria, confian\u00e7a e serenidade.<\/p>\n<p>O pior j\u00e1 passou, vencemos! Mas ainda n\u00e3o acabou o tratamento. Temos radioterapia pela frente, acompanhamentos, etc, mas \u00e9 isso a\u00ed. Que venha! Tenho f\u00e9 e confian\u00e7a no caminho que Deus tra\u00e7ou pra mim.<\/p>\n<p><img decoding=\"async\" src=\"http:\/\/www.catolicanet.com.br\/images\/stories\/noticias\/12243322_1040.jpg\" border=\"0\" align=\"left\" \/>S\u00f3 tenho que AGRADECER, principalmente pela descoberta precoce feita pelo meu marido que com certeza foi um sinal de Deus. Com F\u00e9 n\u00e3o nos falta nada.<\/p>\n<p>Claro que receber um diagn\u00f3stico, ainda que precoce, de c\u00e2ncer de mama, n\u00e3o \u00e9 f\u00e1cil para nenhuma mulher. Ainda mais antes dos 40, que foi meu caso. Temos v\u00e1rias fases, o questionamento, a tristeza, medo, insatisfa\u00e7\u00e3o, at\u00e9 que atingimos a aceita\u00e7\u00e3o. E com ela vem a coragem, a luta! Para mim, a f\u00e9 foi e ser\u00e1 sempre uma grande aliada. Agrade\u00e7o todos os dias por ter Deus na minha fam\u00edlia. Sempre deposito nele o meu caminhar!<\/p>\n<p>Assim como me ensinou meu diretor espiritual, um sacerdote, \u00e0s vezes precisamos pedir os olhos de Deus emprestado, como fazia Jo\u00e3o Paulo II, quando passamos por tribula\u00e7\u00f5es que s\u00e3o dif\u00edceis de compreender. Os olhos de Deus nos mostram os porqu\u00eas. Eu acredito que a cruz \u00e9 o sinal de Cristo. Deixou de ser o s\u00edmbolo do mal para ser o s\u00edmbolo da VIT\u00d3RIA.<\/p>\n<p>\u00c9 muito bom poder falar sobre tudo isso, pois como diz o meu marido, tudo tem seu tempo e sinto que o meu foi agora. Nossa vida \u00e9 feita de momentos, de alegrias, de tristezas, incertezas, felicidades. A vida nos apresenta muitos obst\u00e1culos, mas \u00e9 nesse vai e vem que ela nos mostra que tudo tem um motivo para ser vivido, nada nos \u00e9 dado sem que tenhamos condi\u00e7\u00e3o de supera\u00e7\u00e3o. \u00c9 nas dificuldades e tb nas alegrias que, com a gra\u00e7a de Deus, tiramos for\u00e7a para nosso crescimento, evolu\u00e7\u00e3o e sabedoria. E sabendo que nada \u00e9 eterno, temos que buscar um equil\u00edbrio na certeza que \u201d isso tamb\u00e9m passar\u00e1\u201d.<\/p>\n<p><img decoding=\"async\" src=\"http:\/\/www.catolicanet.com.br\/images\/stories\/noticias\/13178612_1080.jpg\" border=\"0\" align=\"right\" \/>O c\u00e2ncer de mama precisa ser muito divulgado, \u00e9 muito importante que todas as mulheres saibam da import\u00e2ncia dos exames frequentes, do auto exame, mesmo antes dos 40 anos. Os maridos podem e devem ajudar. Preciso muito dizer que no meu caso, como j\u00e1 disse, quem descobriu foi o meu marido. Meu exame de rotina seria em novembro e olha quantos meses ele antecipou! 10 meses! Fez toda diferen\u00e7a, tendo em vista que meu tipo era de crescimento r\u00e1pido. Sim, somos muito cat\u00f3licos e acredito que tenha sido um sinal de Deus, mas o que realmente importa \u00e9 que os maridos podem ajudar! Afinal que marido n\u00e3o gosta de fazer uma vistoria nesse setor n\u00e3o \u00e9 mesmo rsrsrsrs?<\/p>\n<p>Sei que nem todas mulheres tem a sorte da descoberta precoce, ent\u00e3o fica aqui o nosso apelo familiar, fa\u00e7am exames m\u00e9dicos de rotina, exames de auto toque e tamb\u00e9m exames de toque do marido!<\/p>\n<p>Um beijo ,<br \/>Suzana e fam\u00edlia Gullo Mion.<\/p>\n<p style=\"text-align: justify;\">\u00a0<\/p>\n<p style=\"text-align: justify;\">Fonte: Aleteia<\/p>\n","protected":false},"excerpt":{"rendered":"<p>&#8220;Tudo tem seu tempo. E chegou a hora de dividir com voc\u00eas e tornar p\u00fablica a realidade que estamos vivendo na minha fam\u00edlia.&#8221; Reproduzimos, a seguir, o que Marcos Mion compartilhou em seu perfil do Facebook no \u00faltimo final de semana: Tudo tem seu tempo. E chegou a hora de dividir com vcs e tornar [&hellip;]<\/p>\n","protected":false},"author":1,"featured_media":17407,"comment_status":"open","ping_status":"open","sticky":false,"template":"","format":"standard","meta":{"footnotes":""},"categories":[4],"tags":[],"class_list":["post-17408","post","type-post","status-publish","format-standard","has-post-thumbnail","hentry","category-cotidiano"],"_links":{"self":[{"href":"https:\/\/catolicanet.net\/wp-cnet\/wp-json\/wp\/v2\/posts\/17408","targetHints":{"allow":["GET"]}}],"collection":[{"href":"https:\/\/catolicanet.net\/wp-cnet\/wp-json\/wp\/v2\/posts"}],"about":[{"href":"https:\/\/catolicanet.net\/wp-cnet\/wp-json\/wp\/v2\/types\/post"}],"author":[{"embeddable":true,"href":"https:\/\/catolicanet.net\/wp-cnet\/wp-json\/wp\/v2\/users\/1"}],"replies":[{"embeddable":true,"href":"https:\/\/catolicanet.net\/wp-cnet\/wp-json\/wp\/v2\/comments?post=17408"}],"version-history":[{"count":1,"href":"https:\/\/catolicanet.net\/wp-cnet\/wp-json\/wp\/v2\/posts\/17408\/revisions"}],"predecessor-version":[{"id":25345,"href":"https:\/\/catolicanet.net\/wp-cnet\/wp-json\/wp\/v2\/posts\/17408\/revisions\/25345"}],"wp:featuredmedia":[{"embeddable":true,"href":"https:\/\/catolicanet.net\/wp-cnet\/wp-json\/wp\/v2\/media\/17407"}],"wp:attachment":[{"href":"https:\/\/catolicanet.net\/wp-cnet\/wp-json\/wp\/v2\/media?parent=17408"}],"wp:term":[{"taxonomy":"category","embeddable":true,"href":"https:\/\/catolicanet.net\/wp-cnet\/wp-json\/wp\/v2\/categories?post=17408"},{"taxonomy":"post_tag","embeddable":true,"href":"https:\/\/catolicanet.net\/wp-cnet\/wp-json\/wp\/v2\/tags?post=17408"}],"curies":[{"name":"wp","href":"https:\/\/api.w.org\/{rel}","templated":true}]}}