{"id":17406,"date":"2016-08-26T13:41:24","date_gmt":"2016-08-26T16:41:24","guid":{"rendered":"http:\/\/catolicanet.net\/wp-cnet\/2016\/08\/26\/triunfo-da-esperanca-giulia-10-anos-17-horas-sob-os-escombros-resgatada-viva\/"},"modified":"2017-05-31T09:07:22","modified_gmt":"2017-05-31T12:07:22","slug":"triunfo-da-esperanca-giulia-10-anos-17-horas-sob-os-escombros-resgatada-viva","status":"publish","type":"post","link":"https:\/\/catolicanet.net\/wp-cnet\/triunfo-da-esperanca-giulia-10-anos-17-horas-sob-os-escombros-resgatada-viva\/","title":{"rendered":"Triunfo da esperan\u00e7a: Giulia, 10 anos, 17 horas sob os escombros, resgatada viva!"},"content":{"rendered":"<p style=\"text-align: justify;\"><img decoding=\"async\" src=\"http:\/\/www.catolicanet.com.br\/images\/stories\/noticias\/giulia.png\" border=\"0\" align=\"left\" \/>V\u00cdDEO &#8211; Um emocionante lembrete de que h\u00e1 sempre her\u00f3is humanos dispostos a arriscar a vida pelo pr\u00f3ximo<\/p>\n<p>O pavoroso terremoto que espalhou a morte pela It\u00e1lia Central ainda mant\u00e9m equipes de busca lutando contra o tempo para resgatar poss\u00edveis sobreviventes presos sob os escombros. Mas pelo menos sabemos que uma pequena menina n\u00e3o vai enfrentar o horror de morrer aos poucos, debaixo das ru\u00ednas, sozinha, na ang\u00fastia insuport\u00e1vel da espera que parece nunca terminar.<\/p>\n<p>Ela \u00e9 Giulia, tem 10 anos e seu sobrenome ainda n\u00e3o foi revelado. Giulia suportou 17 horas \u00e0 espera de resgate at\u00e9 que um grupo de valentes bombeiros a salvou dos escombros que a mantinham presa.<\/p>\n<p style=\"text-align: justify;\">\u00a0<\/p>\n<p style=\"text-align: justify;\"><a href=\"https:\/\/www.youtube.com\/watch?v=Y3JJ9_UmNTo\">Clique aqui para assistir.<\/a><\/p>\n<p>No meio de mais uma trag\u00e9dia espantosa, o resgate de Giulia \u00e9 um importante lembrete de que sempre haver\u00e1 pessoas dispostas a ajudar. Os profissionais do resgate s\u00e3o her\u00f3is que arriscam a pr\u00f3pria vida para salvar a dos outros \u2013 muitas vezes, n\u00e3o s\u00f3 arriscam: eles d\u00e3o a pr\u00f3pria vida, morrendo para que o seu pr\u00f3ximo sobreviva.<\/p>\n<p>As imagens desta equipe italiana de resgate s\u00e3o inquietantemente semelhantes \u00e0s que circularam h\u00e1 quase 15 anos, quando os terroristas atacaram as Torres G\u00eameas em Nova Iorque. Em ambas as trag\u00e9dias, a firme vontade de ajudar prevaleceu e, para as v\u00edtimas sobreviventes, marcou a diferen\u00e7a entre a vida e a morte.<\/p>\n<p>Ver esses her\u00f3is humanos libertando da morte a pequena Giulia reaviva um pouco mais a esperan\u00e7a em nosso cora\u00e7\u00e3o. Que tamb\u00e9m mantenha acesas, dentro dele, as ora\u00e7\u00f5es perseverantes pelos nossos irm\u00e3os italianos nesta hora terr\u00edvel.<\/p>\n<p style=\"text-align: justify;\">\u00a0<\/p>\n<p style=\"text-align: justify;\">Fonte: Aleteia<\/p>\n","protected":false},"excerpt":{"rendered":"<p>V\u00cdDEO &#8211; Um emocionante lembrete de que h\u00e1 sempre her\u00f3is humanos dispostos a arriscar a vida pelo pr\u00f3ximo O pavoroso terremoto que espalhou a morte pela It\u00e1lia Central ainda mant\u00e9m equipes de busca lutando contra o tempo para resgatar poss\u00edveis sobreviventes presos sob os escombros. Mas pelo menos sabemos que uma pequena menina n\u00e3o vai [&hellip;]<\/p>\n","protected":false},"author":1,"featured_media":17405,"comment_status":"open","ping_status":"open","sticky":false,"template":"","format":"standard","meta":{"footnotes":""},"categories":[4],"tags":[],"class_list":["post-17406","post","type-post","status-publish","format-standard","has-post-thumbnail","hentry","category-cotidiano"],"_links":{"self":[{"href":"https:\/\/catolicanet.net\/wp-cnet\/wp-json\/wp\/v2\/posts\/17406","targetHints":{"allow":["GET"]}}],"collection":[{"href":"https:\/\/catolicanet.net\/wp-cnet\/wp-json\/wp\/v2\/posts"}],"about":[{"href":"https:\/\/catolicanet.net\/wp-cnet\/wp-json\/wp\/v2\/types\/post"}],"author":[{"embeddable":true,"href":"https:\/\/catolicanet.net\/wp-cnet\/wp-json\/wp\/v2\/users\/1"}],"replies":[{"embeddable":true,"href":"https:\/\/catolicanet.net\/wp-cnet\/wp-json\/wp\/v2\/comments?post=17406"}],"version-history":[{"count":1,"href":"https:\/\/catolicanet.net\/wp-cnet\/wp-json\/wp\/v2\/posts\/17406\/revisions"}],"predecessor-version":[{"id":25346,"href":"https:\/\/catolicanet.net\/wp-cnet\/wp-json\/wp\/v2\/posts\/17406\/revisions\/25346"}],"wp:featuredmedia":[{"embeddable":true,"href":"https:\/\/catolicanet.net\/wp-cnet\/wp-json\/wp\/v2\/media\/17405"}],"wp:attachment":[{"href":"https:\/\/catolicanet.net\/wp-cnet\/wp-json\/wp\/v2\/media?parent=17406"}],"wp:term":[{"taxonomy":"category","embeddable":true,"href":"https:\/\/catolicanet.net\/wp-cnet\/wp-json\/wp\/v2\/categories?post=17406"},{"taxonomy":"post_tag","embeddable":true,"href":"https:\/\/catolicanet.net\/wp-cnet\/wp-json\/wp\/v2\/tags?post=17406"}],"curies":[{"name":"wp","href":"https:\/\/api.w.org\/{rel}","templated":true}]}}