{"id":17373,"date":"2016-08-25T17:36:29","date_gmt":"2016-08-25T20:36:29","guid":{"rendered":"http:\/\/catolicanet.net\/wp-cnet\/2016\/08\/25\/africanigeria-oito-pessoas-mortas-no-ataque-a-casa-de-um-homem-que-havia-salvado-um-estudante-acusado-de-blasfemia\/"},"modified":"2017-05-31T09:07:24","modified_gmt":"2017-05-31T12:07:24","slug":"africanigeria-oito-pessoas-mortas-no-ataque-a-casa-de-um-homem-que-havia-salvado-um-estudante-acusado-de-blasfemia","status":"publish","type":"post","link":"https:\/\/catolicanet.net\/wp-cnet\/africanigeria-oito-pessoas-mortas-no-ataque-a-casa-de-um-homem-que-havia-salvado-um-estudante-acusado-de-blasfemia\/","title":{"rendered":"\u00c1FRICA\/NIG\u00c9RIA &#8211; Oito pessoas mortas no ataque \u00e0 casa de um homem que havia salvado um estudante acusado de blasf\u00eamia"},"content":{"rendered":"<p style=\"text-align: justify;\"><img decoding=\"async\" src=\"http:\/\/www.catolicanet.com.br\/images\/stories\/noticias\/primopiano_2277.jpg\" border=\"0\" align=\"left\" \/>Abuja (Ag\u00eancia Fides) \u2013 Oito pessoas morreram no decorrer de um ataque \u00e0 resid\u00eancia de um homem que havia socorrido um estudante acusado de blasf\u00eamia na cidade de Zamfara, norte da Nig\u00e9ria.<br \/>O estudante, mu\u00e7ulmano convertido ao cristianismo, era acusado de ter insultado a religi\u00e3o isl\u00e2mica e foi brutalmente agredido por colegas que, acreditando que estava morto, o deixaram desfalecido no ch\u00e3o.<br \/>Um conhecido, um mu\u00e7ulmano, o socorreu e o levou ao hospital. Ao saberem disso, os seus agressores foram ao hospital para atac\u00e1-lo novamente. Outra pessoa, no entanto, chegou a tempo para transport\u00e1-lo a um lugar seguro.<br \/>O grupo de agressores n\u00e3o encontrando o estudante no hospital se dirigiu para a casa do primeiro socorrista, a incendiou e matou oito pessoas que estavam dentro. De acordo com a pol\u00edcia, entre as v\u00edtimas n\u00e3o est\u00e1 o homem que salvou o estudante nem sua esposa.<\/p>\n<p style=\"text-align: justify;\">\u00a0<\/p>\n<p style=\"text-align: justify;\">Fonte: Ag\u00eancia Fides<\/p>\n","protected":false},"excerpt":{"rendered":"<p>Abuja (Ag\u00eancia Fides) \u2013 Oito pessoas morreram no decorrer de um ataque \u00e0 resid\u00eancia de um homem que havia socorrido um estudante acusado de blasf\u00eamia na cidade de Zamfara, norte da Nig\u00e9ria.O estudante, mu\u00e7ulmano convertido ao cristianismo, era acusado de ter insultado a religi\u00e3o isl\u00e2mica e foi brutalmente agredido por colegas que, acreditando que estava [&hellip;]<\/p>\n","protected":false},"author":1,"featured_media":17372,"comment_status":"open","ping_status":"open","sticky":false,"template":"","format":"standard","meta":{"footnotes":""},"categories":[4],"tags":[],"class_list":["post-17373","post","type-post","status-publish","format-standard","has-post-thumbnail","hentry","category-cotidiano"],"_links":{"self":[{"href":"https:\/\/catolicanet.net\/wp-cnet\/wp-json\/wp\/v2\/posts\/17373","targetHints":{"allow":["GET"]}}],"collection":[{"href":"https:\/\/catolicanet.net\/wp-cnet\/wp-json\/wp\/v2\/posts"}],"about":[{"href":"https:\/\/catolicanet.net\/wp-cnet\/wp-json\/wp\/v2\/types\/post"}],"author":[{"embeddable":true,"href":"https:\/\/catolicanet.net\/wp-cnet\/wp-json\/wp\/v2\/users\/1"}],"replies":[{"embeddable":true,"href":"https:\/\/catolicanet.net\/wp-cnet\/wp-json\/wp\/v2\/comments?post=17373"}],"version-history":[{"count":1,"href":"https:\/\/catolicanet.net\/wp-cnet\/wp-json\/wp\/v2\/posts\/17373\/revisions"}],"predecessor-version":[{"id":25354,"href":"https:\/\/catolicanet.net\/wp-cnet\/wp-json\/wp\/v2\/posts\/17373\/revisions\/25354"}],"wp:featuredmedia":[{"embeddable":true,"href":"https:\/\/catolicanet.net\/wp-cnet\/wp-json\/wp\/v2\/media\/17372"}],"wp:attachment":[{"href":"https:\/\/catolicanet.net\/wp-cnet\/wp-json\/wp\/v2\/media?parent=17373"}],"wp:term":[{"taxonomy":"category","embeddable":true,"href":"https:\/\/catolicanet.net\/wp-cnet\/wp-json\/wp\/v2\/categories?post=17373"},{"taxonomy":"post_tag","embeddable":true,"href":"https:\/\/catolicanet.net\/wp-cnet\/wp-json\/wp\/v2\/tags?post=17373"}],"curies":[{"name":"wp","href":"https:\/\/api.w.org\/{rel}","templated":true}]}}