{"id":17371,"date":"2016-08-25T17:31:54","date_gmt":"2016-08-25T20:31:54","guid":{"rendered":"http:\/\/catolicanet.net\/wp-cnet\/2016\/08\/25\/africamalaui-qo-malaui-esta-morrendo-lentamente-de-fomeq-escreve-um-missionario\/"},"modified":"2017-05-31T09:07:24","modified_gmt":"2017-05-31T12:07:24","slug":"africamalaui-qo-malaui-esta-morrendo-lentamente-de-fomeq-escreve-um-missionario","status":"publish","type":"post","link":"https:\/\/catolicanet.net\/wp-cnet\/africamalaui-qo-malaui-esta-morrendo-lentamente-de-fomeq-escreve-um-missionario\/","title":{"rendered":"\u00c1FRICA\/MAL\u00c1UI &#8211; &#8220;O Mal\u00e1ui est\u00e1 morrendo lentamente de fome&#8221;, escreve um mission\u00e1rio"},"content":{"rendered":"<p style=\"text-align: justify;\"><img decoding=\"async\" src=\"http:\/\/www.catolicanet.com.br\/images\/stories\/noticias\/primopiano_2274.jpg\" border=\"0\" align=\"left\" \/>Lilongwe (Ag\u00eancia Fides) &#8211; &#8220;Agora \u00e9 dif\u00edcil fazer as contas. Isso acontece em todas as aldeias com mais e mais frequ\u00eancia. S\u00e3o os funerais com as longas vig\u00edlias e as prociss\u00f5es di\u00e1rias tristes, os sinais mais evidentes de que embora lentamente, o Mal\u00e1ui \u00e9 um pa\u00eds que est\u00e1 morrendo&#8221;, disse Pe. Piergiorgio Gamba, mission\u00e1rio monfortano que enviou \u00e0 Ag\u00eancia Fides um testemunho dram\u00e1tico sobre a situa\u00e7\u00e3o do pa\u00eds, atingido pela seca que piorou as m\u00e1s condi\u00e7\u00f5es econ\u00f4micas causadas em grande parte pela m\u00e1 administra\u00e7\u00e3o governamental.<br \/>&#8220;Os primeiros a morrer s\u00e3o os idosos. Av\u00f4s e av\u00f3s que sobrevivem com dificuldade em anos normais, mas n\u00e3o conseguem vencer as doen\u00e7as end\u00eamicas como a mal\u00e1ria com a qual aprenderam a coexistir.<br \/>A falta de alimentos \u00e9 a principal causa destes funerais que retornam constantemente.<br \/>Os idosos n\u00e3o podem mais garantir um prato de polenta e algumas verduras que no passado algu\u00e9m levava para eles.<br \/>A falta de comida n\u00e3o \u00e9 no entanto a \u00fanica causa da deteriora\u00e7\u00e3o dos idosos. Os hospitais n\u00e3o t\u00eam muito a oferecer e al\u00e9m de ser terrivelmente superlotados falta o m\u00ednimo n\u00edvel de subsist\u00eancia.<br \/>As universidades do Mal\u00e1ui vivem um dos per\u00edodos mais dif\u00edceis de sua hist\u00f3ria. O aumento das mensalidades escolares que j\u00e1 no passado poucos podiam se permitir pagar, agora atingiram a m\u00e1xima cifra hist\u00f3rica de mais de mil euros por ano para uma popula\u00e7\u00e3o que vive com menos de um d\u00f3lar por dia. O ensino m\u00e9dio \u00e9 agora apenas para os ricos. Mais de 50% dos universit\u00e1rios n\u00e3o frequentam mais os cursos. Embora o n\u00famero de alunos nas escolas prim\u00e1rias e secund\u00e1rias esteja crescendo, n\u00e3o existe ainda a escolaridade obrigat\u00f3ria, a falta de livros did\u00e1ticos atingiu n\u00edveis impressionantes at\u00e9 ser uma das principais causas de absentismo e abandono por parte dos estudantes.<br \/>A falta de energia el\u00e9trica tornou-se um fato comum. Os pa\u00edses do sul do Saara consomem 181 kWh por pessoa por ano, em compara\u00e7\u00e3o com 6.500 Kwh da Europa. Mas mesmo esse m\u00ednimo n\u00e3o \u00e9 garantido. O lago Mal\u00e1ui n\u00e3o tem \u00e1gua suficiente para a produ\u00e7\u00e3o de 360 MW que \u00e9 o total da corrente que o Mal\u00e1ui consegue produzir em tempos bons e para os pr\u00f3ximos 6 meses faltar\u00e1 eletricidade por 12 horas ao dia.<br \/>O grande mal que aflige o Mal\u00e1ui continua sendo a corrup\u00e7\u00e3o. As \u00faltimas altera\u00e7\u00f5es impostas pelo governo, como o chefe do ex\u00e9rcito, as autoridades locais e a pol\u00edcia \u2013 sempre mais violenta \u2013 come\u00e7am a ser efetuadas em vista das elei\u00e7\u00f5es de 2019 e n\u00e3o em fun\u00e7\u00e3o do bem comum. Muitas vezes, o chamado do pr\u00f3prio Presidente aos l\u00edderes religiosos destaca o degrado moral \u201cPor que nos tornamos um povo corrupto? Por que os albinos s\u00e3o mortos? Por que est\u00e3o nos odiando e invejam uns aos outros?\u201d. Enquanto estas quest\u00f5es s\u00e3o apropriadas, \u00e9 a falta de lideran\u00e7a do Estado a tornar o pa\u00eds um \u201cfailed state\u201d, um pa\u00eds sem presente nem futuro. O chamado mais importante \u00e9 \u00e0 responsabiliza\u00e7\u00e3o das pessoas, que podem se tornar um fator decisivo para uma transforma\u00e7\u00e3o positiva\u201d.<\/p>\n<p style=\"text-align: justify;\">\u00a0<\/p>\n<p style=\"text-align: justify;\">Fonte: Ag\u00eancia Fides<\/p>\n","protected":false},"excerpt":{"rendered":"<p>Lilongwe (Ag\u00eancia Fides) &#8211; &#8220;Agora \u00e9 dif\u00edcil fazer as contas. Isso acontece em todas as aldeias com mais e mais frequ\u00eancia. S\u00e3o os funerais com as longas vig\u00edlias e as prociss\u00f5es di\u00e1rias tristes, os sinais mais evidentes de que embora lentamente, o Mal\u00e1ui \u00e9 um pa\u00eds que est\u00e1 morrendo&#8221;, disse Pe. Piergiorgio Gamba, mission\u00e1rio monfortano [&hellip;]<\/p>\n","protected":false},"author":1,"featured_media":17370,"comment_status":"open","ping_status":"open","sticky":false,"template":"","format":"standard","meta":{"footnotes":""},"categories":[4],"tags":[],"class_list":["post-17371","post","type-post","status-publish","format-standard","has-post-thumbnail","hentry","category-cotidiano"],"_links":{"self":[{"href":"https:\/\/catolicanet.net\/wp-cnet\/wp-json\/wp\/v2\/posts\/17371","targetHints":{"allow":["GET"]}}],"collection":[{"href":"https:\/\/catolicanet.net\/wp-cnet\/wp-json\/wp\/v2\/posts"}],"about":[{"href":"https:\/\/catolicanet.net\/wp-cnet\/wp-json\/wp\/v2\/types\/post"}],"author":[{"embeddable":true,"href":"https:\/\/catolicanet.net\/wp-cnet\/wp-json\/wp\/v2\/users\/1"}],"replies":[{"embeddable":true,"href":"https:\/\/catolicanet.net\/wp-cnet\/wp-json\/wp\/v2\/comments?post=17371"}],"version-history":[{"count":1,"href":"https:\/\/catolicanet.net\/wp-cnet\/wp-json\/wp\/v2\/posts\/17371\/revisions"}],"predecessor-version":[{"id":25355,"href":"https:\/\/catolicanet.net\/wp-cnet\/wp-json\/wp\/v2\/posts\/17371\/revisions\/25355"}],"wp:featuredmedia":[{"embeddable":true,"href":"https:\/\/catolicanet.net\/wp-cnet\/wp-json\/wp\/v2\/media\/17370"}],"wp:attachment":[{"href":"https:\/\/catolicanet.net\/wp-cnet\/wp-json\/wp\/v2\/media?parent=17371"}],"wp:term":[{"taxonomy":"category","embeddable":true,"href":"https:\/\/catolicanet.net\/wp-cnet\/wp-json\/wp\/v2\/categories?post=17371"},{"taxonomy":"post_tag","embeddable":true,"href":"https:\/\/catolicanet.net\/wp-cnet\/wp-json\/wp\/v2\/tags?post=17371"}],"curies":[{"name":"wp","href":"https:\/\/api.w.org\/{rel}","templated":true}]}}