{"id":17363,"date":"2016-08-25T17:05:14","date_gmt":"2016-08-25T20:05:14","guid":{"rendered":"http:\/\/catolicanet.net\/wp-cnet\/2016\/08\/25\/papa-envia-gendarmes-as-zonas-atingidas-pelo-terremoto\/"},"modified":"2017-06-02T11:50:26","modified_gmt":"2017-06-02T14:50:26","slug":"papa-envia-gendarmes-as-zonas-atingidas-pelo-terremoto","status":"publish","type":"post","link":"https:\/\/catolicanet.net\/wp-cnet\/papa-envia-gendarmes-as-zonas-atingidas-pelo-terremoto\/","title":{"rendered":"Papa envia Gendarmes \u00e0s zonas atingidas pelo terremoto"},"content":{"rendered":"<p style=\"text-align: justify;\"><img decoding=\"async\" src=\"http:\/\/www.catolicanet.com.br\/images\/stories\/noticias\/ansa1055785_articolo.jpg\" border=\"0\" align=\"left\" \/>Papa envia Gendarmes \u00e0s zonas atingidas pelo terremoto.Depois de ter enviado ontem seis bombeiros a Amatrice, na Prov\u00edncia de Rieti, para ajudar no socorro \u00e0s pessoas afetadas pelo terremoto, o Papa Francisco enviou hoje seis Gendarmes do Vaticano que, em colabora\u00e7\u00e3o com a Prote\u00e7\u00e3o Civil Italiana, v\u00e3o estar ao servi\u00e7o dessas pessoas. \u00c9 mais um gesto da proximidade do Papa Bergoglio \u00e0s pessoas atingidas pelo sismo.<\/p>\n<p>Luca Collodi, do Programa italiano, entrevistou Paolo de Angelis, Oficial, Coordenador dos Bombeiro do Vaticano que disse:<\/p>\n<p>\u201cN\u00f3s estamos presentes com uma equipa de seis pessoas; colaboramos com o Corpo Nacional de Bombeiros, diretamente, portanto, como o Comando de Rieti. Estamos in loco, nas interven\u00e7\u00f5es, como foi quando houve o terremoto em Aquila\u201d.<\/p>\n<p>Ent\u00e3o n\u00e3o \u00e9 a primeira vez que bombeiros do Vaticano colaboram com as autoridades italianas. Recordamos precisamente o caso de Onna, uma das zonas mais atingidas,\u00a0 durante o terremoto de Aquila\u2026<\/p>\n<p>\u201cSim, Recordamos Onna, porque a primeira fase do terremoto \u00e9 o momento mais cr\u00edtico em que os socorristas devem atuar de forma precisa e r\u00e1pida.\u201d<\/p>\n<p>Como \u00e9 composta a equipa que partiu para Amatrice? J\u00e1 vos consertastes com a Prote\u00e7\u00e3o Civil Italiana? De que forma agireis?<\/p>\n<p>\u201cComo dizia, estamos ligados ao campo-base nas proximidades de Amatrice. A nossa equipa, \u00e9 atualmente composta por seis pessoas com dois carros-bombeiros. H\u00e1 um \u201cjeep-defender\u201d com um apetrecho anti-inc\u00eandio para nos movimentarmos rapidamente no territ\u00f3rio e um carro para socorros m\u00faltiplos com todo o apetrecho necess\u00e1rio para as interven\u00e7\u00f5es\u201d.<\/p>\n<p>Esta vossa presen\u00e7a na zona do terremoto da It\u00e1lia central representa um sinal concreto da proximidade do Papa \u00e0s pessoas atingidas pelo sismo\u2026<\/p>\n<p>\u201cCerto. \u00c9 um sinal concreto. N\u00f3s faremos todo o poss\u00edvel, porque, como dizia ao recordar o terremoto em Onna, agora desencadeia-se aquilo a que n\u00e3o quero chamar de \u201cpleito da solidariedade\u201d, mas \u00e9 o momento da solidariedade em rela\u00e7\u00e3o \u00e0s popula\u00e7\u00f5es atingidas. \u00c9 este o momento em que \u00e9 preciso manifestar solidariedade\u201d.<\/p>\n<p style=\"text-align: justify;\">\u00a0<\/p>\n<p style=\"text-align: justify;\">Fonte: R\u00e1dio Vaticano<\/p>\n","protected":false},"excerpt":{"rendered":"<p>Papa envia Gendarmes \u00e0s zonas atingidas pelo terremoto.Depois de ter enviado ontem seis bombeiros a Amatrice, na Prov\u00edncia de Rieti, para ajudar no socorro \u00e0s pessoas afetadas pelo terremoto, o Papa Francisco enviou hoje seis Gendarmes do Vaticano que, em colabora\u00e7\u00e3o com a Prote\u00e7\u00e3o Civil Italiana, v\u00e3o estar ao servi\u00e7o dessas pessoas. \u00c9 mais um [&hellip;]<\/p>\n","protected":false},"author":1,"featured_media":17362,"comment_status":"open","ping_status":"open","sticky":false,"template":"","format":"standard","meta":{"footnotes":""},"categories":[3],"tags":[],"class_list":["post-17363","post","type-post","status-publish","format-standard","has-post-thumbnail","hentry","category-vaticano"],"_links":{"self":[{"href":"https:\/\/catolicanet.net\/wp-cnet\/wp-json\/wp\/v2\/posts\/17363","targetHints":{"allow":["GET"]}}],"collection":[{"href":"https:\/\/catolicanet.net\/wp-cnet\/wp-json\/wp\/v2\/posts"}],"about":[{"href":"https:\/\/catolicanet.net\/wp-cnet\/wp-json\/wp\/v2\/types\/post"}],"author":[{"embeddable":true,"href":"https:\/\/catolicanet.net\/wp-cnet\/wp-json\/wp\/v2\/users\/1"}],"replies":[{"embeddable":true,"href":"https:\/\/catolicanet.net\/wp-cnet\/wp-json\/wp\/v2\/comments?post=17363"}],"version-history":[{"count":1,"href":"https:\/\/catolicanet.net\/wp-cnet\/wp-json\/wp\/v2\/posts\/17363\/revisions"}],"predecessor-version":[{"id":28322,"href":"https:\/\/catolicanet.net\/wp-cnet\/wp-json\/wp\/v2\/posts\/17363\/revisions\/28322"}],"wp:featuredmedia":[{"embeddable":true,"href":"https:\/\/catolicanet.net\/wp-cnet\/wp-json\/wp\/v2\/media\/17362"}],"wp:attachment":[{"href":"https:\/\/catolicanet.net\/wp-cnet\/wp-json\/wp\/v2\/media?parent=17363"}],"wp:term":[{"taxonomy":"category","embeddable":true,"href":"https:\/\/catolicanet.net\/wp-cnet\/wp-json\/wp\/v2\/categories?post=17363"},{"taxonomy":"post_tag","embeddable":true,"href":"https:\/\/catolicanet.net\/wp-cnet\/wp-json\/wp\/v2\/tags?post=17363"}],"curies":[{"name":"wp","href":"https:\/\/api.w.org\/{rel}","templated":true}]}}