{"id":17359,"date":"2016-08-25T16:55:38","date_gmt":"2016-08-25T19:55:38","guid":{"rendered":"http:\/\/catolicanet.net\/wp-cnet\/2016\/08\/25\/lider-do-paigc-pede-colaboracao-angolana-para-resolver-crise\/"},"modified":"2017-06-02T11:09:41","modified_gmt":"2017-06-02T14:09:41","slug":"lider-do-paigc-pede-colaboracao-angolana-para-resolver-crise","status":"publish","type":"post","link":"https:\/\/catolicanet.net\/wp-cnet\/lider-do-paigc-pede-colaboracao-angolana-para-resolver-crise\/","title":{"rendered":"L\u00edder do PAIGC pede colabora\u00e7\u00e3o angolana para resolver crise"},"content":{"rendered":"<p style=\"text-align: justify;\"><img decoding=\"async\" src=\"http:\/\/www.catolicanet.com.br\/images\/stories\/noticias\/rv18231_articolo.jpg\" border=\"0\" align=\"left\" \/><\/p>\n<p style=\"text-align: justify;\"><a href=\"http:\/\/media02.radiovaticana.va\/audio\/audio2\/mp3\/00545310.mp3\">Clique aqui para ouvir.<\/a><\/p>\n<p style=\"text-align: justify;\">\u00a0<\/p>\n<p style=\"text-align: justify;\">O presidente do PAIGC Domingos Sim\u00f5es reconheceu que o momento que se vive na Guin\u00e9-bissau \u00e9 uma situa\u00e7\u00e3o que decorre de v\u00e1rias vicissitudes, tendo manifestado a convic\u00e7\u00e3o de que os actores pol\u00edticos est\u00e3o comprometidos em encontrar uma solu\u00e7\u00e3o negociada da qual participem todas as for\u00e7as pol\u00edticas activas\u00a0 deste pa\u00eds da Comunidade de Pa\u00edses de L\u00edngua Portuguesa (CPLP).<\/p>\n<p>O pol\u00edtico considerou o presidente angolano, Jos\u00e9 Eduardo dos Santos, uma refer\u00eancia na promo\u00e7\u00e3o da unidade e coes\u00e3o, o que, certamente, poder\u00e1 ser um factor positivo junto das entidades pol\u00edticas do seu pa\u00eds.<\/p>\n<p>Reconheceu, contudo, que o per\u00edodo de instabilidade que vive o seu pa\u00eds j\u00e1 \u00e9 longo, sendo, em algumas situa\u00e7\u00f5es, necess\u00e1rio a contribui\u00e7\u00e3o de pa\u00edses irm\u00e3os ou\u00a0 amigos que queiram partilhar a sua experi\u00eancia para ajudar a recuperar a confian\u00e7a, que, de alguma forma, est\u00e1 perdida entre os actores pol\u00edticos na Guin\u00e9 Bissau.<\/p>\n<p>Sim\u00f5es Pereira foi convidado ao VII Congresso do MPLA, partido que governa angola desde 1975. De Luanda para a R\u00e1dio Vaticano, Anast\u00e1cio Sasembele, Paz e Bem.<\/p>\n<p style=\"text-align: justify;\">\u00a0<\/p>\n<p style=\"text-align: justify;\">Fonte: R\u00e1dio Vaticano<\/p>\n","protected":false},"excerpt":{"rendered":"<p>Clique aqui para ouvir. \u00a0 O presidente do PAIGC Domingos Sim\u00f5es reconheceu que o momento que se vive na Guin\u00e9-bissau \u00e9 uma situa\u00e7\u00e3o que decorre de v\u00e1rias vicissitudes, tendo manifestado a convic\u00e7\u00e3o de que os actores pol\u00edticos est\u00e3o comprometidos em encontrar uma solu\u00e7\u00e3o negociada da qual participem todas as for\u00e7as pol\u00edticas activas\u00a0 deste pa\u00eds da [&hellip;]<\/p>\n","protected":false},"author":1,"featured_media":17358,"comment_status":"open","ping_status":"open","sticky":false,"template":"","format":"standard","meta":{"footnotes":""},"categories":[3],"tags":[],"class_list":["post-17359","post","type-post","status-publish","format-standard","has-post-thumbnail","hentry","category-vaticano"],"_links":{"self":[{"href":"https:\/\/catolicanet.net\/wp-cnet\/wp-json\/wp\/v2\/posts\/17359","targetHints":{"allow":["GET"]}}],"collection":[{"href":"https:\/\/catolicanet.net\/wp-cnet\/wp-json\/wp\/v2\/posts"}],"about":[{"href":"https:\/\/catolicanet.net\/wp-cnet\/wp-json\/wp\/v2\/types\/post"}],"author":[{"embeddable":true,"href":"https:\/\/catolicanet.net\/wp-cnet\/wp-json\/wp\/v2\/users\/1"}],"replies":[{"embeddable":true,"href":"https:\/\/catolicanet.net\/wp-cnet\/wp-json\/wp\/v2\/comments?post=17359"}],"version-history":[{"count":1,"href":"https:\/\/catolicanet.net\/wp-cnet\/wp-json\/wp\/v2\/posts\/17359\/revisions"}],"predecessor-version":[{"id":28095,"href":"https:\/\/catolicanet.net\/wp-cnet\/wp-json\/wp\/v2\/posts\/17359\/revisions\/28095"}],"wp:featuredmedia":[{"embeddable":true,"href":"https:\/\/catolicanet.net\/wp-cnet\/wp-json\/wp\/v2\/media\/17358"}],"wp:attachment":[{"href":"https:\/\/catolicanet.net\/wp-cnet\/wp-json\/wp\/v2\/media?parent=17359"}],"wp:term":[{"taxonomy":"category","embeddable":true,"href":"https:\/\/catolicanet.net\/wp-cnet\/wp-json\/wp\/v2\/categories?post=17359"},{"taxonomy":"post_tag","embeddable":true,"href":"https:\/\/catolicanet.net\/wp-cnet\/wp-json\/wp\/v2\/tags?post=17359"}],"curies":[{"name":"wp","href":"https:\/\/api.w.org\/{rel}","templated":true}]}}