{"id":17357,"date":"2016-08-25T16:50:04","date_gmt":"2016-08-25T19:50:04","guid":{"rendered":"http:\/\/catolicanet.net\/wp-cnet\/2016\/08\/25\/mais-de-trinta-paises-esperado-na-feira-internacional-de-maputo\/"},"modified":"2017-06-02T11:12:28","modified_gmt":"2017-06-02T14:12:28","slug":"mais-de-trinta-paises-esperado-na-feira-internacional-de-maputo","status":"publish","type":"post","link":"https:\/\/catolicanet.net\/wp-cnet\/mais-de-trinta-paises-esperado-na-feira-internacional-de-maputo\/","title":{"rendered":"Mais de trinta pa\u00edses esperado na Feira Internacional de Maputo"},"content":{"rendered":"<p style=\"text-align: justify;\"><img decoding=\"async\" src=\"http:\/\/www.catolicanet.com.br\/images\/stories\/noticias\/reuters1396426_articolo.jpg\" border=\"0\" align=\"left\" \/>Pouco mais de trinta pa\u00edses confirmaram at\u00e9 o momento a sua participa\u00e7\u00e3o na quinquag\u00e9sima-segunda edi\u00e7\u00e3o da Feira Internacional de Maputo (FACIM), a decorrer de 29 de agosto a 04 de setembro pr\u00f3ximo em Marracuene, prov\u00edncia de Maputo.<\/p>\n<p>A Irlanda e Bielorr\u00fassia s\u00e3o os dois pa\u00edses que participam pela primeira vez no evento que, nesta edi\u00e7\u00e3o, contar\u00e1 com 2350 empresas nacionais e 630 estrangeiras. Apesar da tens\u00e3o pol\u00edtico-militar reinam grandes expectativas.<\/p>\n<p>Jo\u00e3o Macaringue, o presidente do conselho de administra\u00e7\u00e3o do Instituto para Promo\u00e7\u00e3o de Exporta\u00e7\u00f5es (IPEX) entidade que organiza o evento, afirmou que n\u00e3o obstante a tens\u00e3o pol\u00edtico-militar por que passa o pa\u00eds, tudo est\u00e1 a ser feito para que o certame constitua um sucesso e um marco na promo\u00e7\u00e3o do potencial que Mo\u00e7ambique apresenta.<\/p>\n<p>Da lista dos pa\u00edses que j\u00e1 confirmaram a sua presen\u00e7a na FACIM, destacam-se \u00c1frica do Sul, Angola, Botswana, Sud\u00e3o do Norte, Suazil\u00e2ndia, Tanz\u00e2nia, Z\u00e2mbia e Zimbabu\u00e9, Brasil, Coreia do Sul, Indon\u00e9sia, Macau, Tail\u00e2ndia, Alemanha, Espanha, Fran\u00e7a, Inglaterra, Portugal, Su\u00e9cia, Finl\u00e2ndia, Isl\u00e2ndia, Irlanda, Noruega, Dinamarca, Holanda, Emiratos \u00c1rabes Unidos e It\u00e1lia. <\/p>\n<p>&#8220;A presen\u00e7a de muitas empresas nacionais e estrangeiras significa que a pesar das adversidades por que Mo\u00e7ambique est\u00e1 a passar, o pa\u00eds continua cred\u00edvel e um atrativo aos investidores&#8221;, disse Jo\u00e3o Macaringue.<\/p>\n<p>Durante a Feira Internacional de Maputo, vai ser proporcionada uma plataforma de interc\u00e2mbio e de coopera\u00e7\u00e3o com a realiza\u00e7\u00e3o de uma s\u00e9rie de atividades, incluindo a exposi\u00e7\u00e3o, semin\u00e1rios, sess\u00f5es de promo\u00e7\u00e3o e bolsas de contacto.<\/p>\n<p>Segundo o PCA do IPEX, at\u00e9 o presente momento est\u00e3o programados cerca de 160 semin\u00e1rios com temas virados para a potencia\u00e7\u00e3o da capacidade produtiva nacional. Foram organizados 12 pavilh\u00f5es divididos em m\u00f3dulos de nove metros quadrados, onde estar\u00e3o representadas todas as prov\u00edncias mo\u00e7ambicanas, empresas nacionais e estrangeiras expondo o seu potencial produtivo.<\/p>\n<p>No global, espera-se que a FACIM (Feira Internacional de Maputo) seja visitada por 87 mil pessoas, mais 3900 se comparado com 2015.<\/p>\n<p>Herm\u00ednio Jos\u00e9, Maputo.<\/p>\n<p style=\"text-align: justify;\">\u00a0<\/p>\n<p style=\"text-align: justify;\">Fonte: R\u00e1dio Vaticano<\/p>\n","protected":false},"excerpt":{"rendered":"<p>Pouco mais de trinta pa\u00edses confirmaram at\u00e9 o momento a sua participa\u00e7\u00e3o na quinquag\u00e9sima-segunda edi\u00e7\u00e3o da Feira Internacional de Maputo (FACIM), a decorrer de 29 de agosto a 04 de setembro pr\u00f3ximo em Marracuene, prov\u00edncia de Maputo. A Irlanda e Bielorr\u00fassia s\u00e3o os dois pa\u00edses que participam pela primeira vez no evento que, nesta edi\u00e7\u00e3o, [&hellip;]<\/p>\n","protected":false},"author":1,"featured_media":17356,"comment_status":"open","ping_status":"open","sticky":false,"template":"","format":"standard","meta":{"footnotes":""},"categories":[3],"tags":[],"class_list":["post-17357","post","type-post","status-publish","format-standard","has-post-thumbnail","hentry","category-vaticano"],"_links":{"self":[{"href":"https:\/\/catolicanet.net\/wp-cnet\/wp-json\/wp\/v2\/posts\/17357","targetHints":{"allow":["GET"]}}],"collection":[{"href":"https:\/\/catolicanet.net\/wp-cnet\/wp-json\/wp\/v2\/posts"}],"about":[{"href":"https:\/\/catolicanet.net\/wp-cnet\/wp-json\/wp\/v2\/types\/post"}],"author":[{"embeddable":true,"href":"https:\/\/catolicanet.net\/wp-cnet\/wp-json\/wp\/v2\/users\/1"}],"replies":[{"embeddable":true,"href":"https:\/\/catolicanet.net\/wp-cnet\/wp-json\/wp\/v2\/comments?post=17357"}],"version-history":[{"count":1,"href":"https:\/\/catolicanet.net\/wp-cnet\/wp-json\/wp\/v2\/posts\/17357\/revisions"}],"predecessor-version":[{"id":28115,"href":"https:\/\/catolicanet.net\/wp-cnet\/wp-json\/wp\/v2\/posts\/17357\/revisions\/28115"}],"wp:featuredmedia":[{"embeddable":true,"href":"https:\/\/catolicanet.net\/wp-cnet\/wp-json\/wp\/v2\/media\/17356"}],"wp:attachment":[{"href":"https:\/\/catolicanet.net\/wp-cnet\/wp-json\/wp\/v2\/media?parent=17357"}],"wp:term":[{"taxonomy":"category","embeddable":true,"href":"https:\/\/catolicanet.net\/wp-cnet\/wp-json\/wp\/v2\/categories?post=17357"},{"taxonomy":"post_tag","embeddable":true,"href":"https:\/\/catolicanet.net\/wp-cnet\/wp-json\/wp\/v2\/tags?post=17357"}],"curies":[{"name":"wp","href":"https:\/\/api.w.org\/{rel}","templated":true}]}}