{"id":17352,"date":"2016-08-25T14:00:11","date_gmt":"2016-08-25T17:00:11","guid":{"rendered":"http:\/\/catolicanet.net\/wp-cnet\/2016\/08\/25\/setor-juventude-de-apucarana-realiza-encontro-de-formacao\/"},"modified":"2017-05-31T09:07:25","modified_gmt":"2017-05-31T12:07:25","slug":"setor-juventude-de-apucarana-realiza-encontro-de-formacao","status":"publish","type":"post","link":"https:\/\/catolicanet.net\/wp-cnet\/setor-juventude-de-apucarana-realiza-encontro-de-formacao\/","title":{"rendered":"Setor Juventude de Apucarana realiza encontro de forma\u00e7\u00e3o"},"content":{"rendered":"<p style=\"text-align: justify;\"><img decoding=\"async\" src=\"http:\/\/www.catolicanet.com.br\/images\/stories\/noticias\/setor-juventude-768x384.png\" border=\"0\" align=\"left\" \/>O Setor Diocesano de juventude de Apucarana (PR) realizou no \u00faltimo domingo, 21, na Par\u00f3quia Santu\u00e1rio Nossa Senhora Aparecida, em Arapongas (PR),\u00a0 um encontro de forma\u00e7\u00e3o com o tema Forma\u00e7\u00e3o Humana \u2013 Lideran\u00e7a.<\/p>\n<p>O Padre Bennelson da Silva Barbosa, Assessor da Pastoral Juvenil dos Oblatos de S\u00e3o Jos\u00e9 no Brasil e respons\u00e1vel pelo Centro Juvenil Vocacional em Londrina (PR), foi o assessor do encontro. Dentre os conte\u00fados por ele apresentados, destacam-se\u00a0 \u201cA arte de liderar\u201d, \u201cComo liderar um grupo\u201d e Como conduzir conflitos\u201d.<\/p>\n<p>Participaram do encontro aproximadamente 135 coordenadores (as), jovens e adolescentes, al\u00e9m de assessores adultos de grupos de diversas express\u00f5es de juventude, advindos de v\u00e1rias par\u00f3quias da diocese, que tiveram a oportunidade de obter conhecimento atrav\u00e9s dos temas abordados na forma\u00e7\u00e3o.<\/p>\n<p>Por Adilson Novaes<\/p>\n<p style=\"text-align: justify;\">\u00a0<\/p>\n<p style=\"text-align: justify;\">Fonte: Jovens Conectados<\/p>\n","protected":false},"excerpt":{"rendered":"<p>O Setor Diocesano de juventude de Apucarana (PR) realizou no \u00faltimo domingo, 21, na Par\u00f3quia Santu\u00e1rio Nossa Senhora Aparecida, em Arapongas (PR),\u00a0 um encontro de forma\u00e7\u00e3o com o tema Forma\u00e7\u00e3o Humana \u2013 Lideran\u00e7a. O Padre Bennelson da Silva Barbosa, Assessor da Pastoral Juvenil dos Oblatos de S\u00e3o Jos\u00e9 no Brasil e respons\u00e1vel pelo Centro Juvenil [&hellip;]<\/p>\n","protected":false},"author":1,"featured_media":17351,"comment_status":"open","ping_status":"open","sticky":false,"template":"","format":"standard","meta":{"footnotes":""},"categories":[4],"tags":[],"class_list":["post-17352","post","type-post","status-publish","format-standard","has-post-thumbnail","hentry","category-cotidiano"],"_links":{"self":[{"href":"https:\/\/catolicanet.net\/wp-cnet\/wp-json\/wp\/v2\/posts\/17352","targetHints":{"allow":["GET"]}}],"collection":[{"href":"https:\/\/catolicanet.net\/wp-cnet\/wp-json\/wp\/v2\/posts"}],"about":[{"href":"https:\/\/catolicanet.net\/wp-cnet\/wp-json\/wp\/v2\/types\/post"}],"author":[{"embeddable":true,"href":"https:\/\/catolicanet.net\/wp-cnet\/wp-json\/wp\/v2\/users\/1"}],"replies":[{"embeddable":true,"href":"https:\/\/catolicanet.net\/wp-cnet\/wp-json\/wp\/v2\/comments?post=17352"}],"version-history":[{"count":1,"href":"https:\/\/catolicanet.net\/wp-cnet\/wp-json\/wp\/v2\/posts\/17352\/revisions"}],"predecessor-version":[{"id":25359,"href":"https:\/\/catolicanet.net\/wp-cnet\/wp-json\/wp\/v2\/posts\/17352\/revisions\/25359"}],"wp:featuredmedia":[{"embeddable":true,"href":"https:\/\/catolicanet.net\/wp-cnet\/wp-json\/wp\/v2\/media\/17351"}],"wp:attachment":[{"href":"https:\/\/catolicanet.net\/wp-cnet\/wp-json\/wp\/v2\/media?parent=17352"}],"wp:term":[{"taxonomy":"category","embeddable":true,"href":"https:\/\/catolicanet.net\/wp-cnet\/wp-json\/wp\/v2\/categories?post=17352"},{"taxonomy":"post_tag","embeddable":true,"href":"https:\/\/catolicanet.net\/wp-cnet\/wp-json\/wp\/v2\/tags?post=17352"}],"curies":[{"name":"wp","href":"https:\/\/api.w.org\/{rel}","templated":true}]}}