{"id":17344,"date":"2016-08-25T12:58:15","date_gmt":"2016-08-25T15:58:15","guid":{"rendered":"http:\/\/catolicanet.net\/wp-cnet\/2016\/08\/25\/iraque-o-estado-islamico-sai-a-destruicao-permanece\/"},"modified":"2017-05-31T09:39:58","modified_gmt":"2017-05-31T12:39:58","slug":"iraque-o-estado-islamico-sai-a-destruicao-permanece","status":"publish","type":"post","link":"https:\/\/catolicanet.net\/wp-cnet\/iraque-o-estado-islamico-sai-a-destruicao-permanece\/","title":{"rendered":"Iraque: O Estado Isl\u00e2mico sai, a destrui\u00e7\u00e3o permanece"},"content":{"rendered":"<p style=\"text-align: justify;\"><img decoding=\"async\" src=\"http:\/\/www.catolicanet.com.br\/images\/stories\/noticias\/f2cd3ea2fa74205369dfcf9169ee1dae_xl.jpg\" border=\"0\" align=\"left\" \/>Padre Halemba olha para a imagem da Virgem Maria destru\u00edda. A cabe\u00e7a foi cortada de seu corpo; o s\u00edmbolo da decapita\u00e7\u00e3o \u00e9 a assinatura do EI. Padre Halemba olha para a imagem da Virgem Maria destru\u00edda. A cabe\u00e7a foi cortada de seu corpo; o s\u00edmbolo da decapita\u00e7\u00e3o \u00e9 a assinatura do EI.<\/p>\n<p>O sil\u00eancio \u00e9 o que voc\u00ea nota em primeiro lugar. N\u00e3o apenas pela falta de ru\u00eddo, mas por uma aus\u00eancia de todos os sons. At\u00e9 os p\u00e1ssaros foram embora. Estou em Telskuf, Iraque, cerca de 32 quil\u00f4metros ao norte de Mossul, local da principal fortaleza do grupo autodenominado Estado Isl\u00e2mico (EI). A cidade est\u00e1 abandonada; seus habitantes, incluindo cerca de 12 mil crist\u00e3os, fugiram.<\/p>\n<p>Com um calor de 43 graus, caminhamos na sombra das ru\u00ednas abandonadas: casas com buracos abertos, paredes marcadas por tiros, cal\u00e7adas tomadas por restos de carros queimados. A cena demonstra a brutalidade que ocorreu ali algumas semanas antes. No dia 3 de maio de 2016 centenas de combatentes do EI, precedidos por v\u00e1rios carros-bomba e ataques suicidas, penetraram atrav\u00e9s das linhas de defesa dos curdos. Mas um r\u00e1pido contra-ataque, apoiado pelas for\u00e7as a\u00e9reas dos EUA, fez com que o EI recuasse. Entre as v\u00edtimas est\u00e3o tr\u00eas combatentes curdos e um soldado de 31 anos das For\u00e7as Especiais dos EUA. De acordo com relatos ainda n\u00e3o confirmados dos Peshmerga (nome dado aos combatentes curdos), mais de 50 soldados do EI foram mortos. Eles foram fotografados e enterrados numa vala comum na beira da estrada. A terra ainda est\u00e1 fresca.<\/p>\n<p>Eu estou ali com uma delega\u00e7\u00e3o da Ajuda \u00e0 Igreja que Sofre (ACN). Viemos numa visita de solidariedade \u00e0 cidade crist\u00e3 de Alqosh. Situada a cerca de 16 quil\u00f4metros de Telskuf, Alqosh \u00e9 a \u00faltima grande cidade crist\u00e3 na plan\u00edcie de N\u00ednive. Nesta regi\u00e3o, o bispo cat\u00f3lico caldeu Dom Mikha Pola Maqdassi organizou apoio material para as mais de 500 fam\u00edlias refugiadas, al\u00e9m das 1.200 fam\u00edlias que j\u00e1 habitavam a aldeia. Todos procuram trabalho, mas n\u00e3o existe nenhum. A Igreja Cat\u00f3lica \u00e9 o principal fornecedor de assist\u00eancia social e, sobretudo, de esperan\u00e7a.<\/p>\n<p>N\u00f3s caminhamos em dire\u00e7\u00e3o \u00e0 igreja cat\u00f3lica de Telskuf. O sil\u00eancio \u00e9 quebrado apenas pelos cacos de vidros sob nossos p\u00e9s. A igreja foi saqueada e devastada. A imagem da Virgem Maria foi destru\u00edda, a cabe\u00e7a foi cortada de seu corpo; a decapita\u00e7\u00e3o \u00e9 a assinatura do EI. Os soldados Peshmerga, com \u00f3culos de sol reflexivos e bem armados, tomam posi\u00e7\u00e3o em pontos estrat\u00e9gicos da igreja para garantir a nossa seguran\u00e7a. N\u00f3s nos ajoelhamos para orar no lugar onde ficava o coro. Guiados pelo Pe. Andrzej Halemba, respons\u00e1vel pelos projetos do Oriente M\u00e9dio da ACN, rezamos a ora\u00e7\u00e3o do Senhor para a paz. O nosso grupo que normalmente conversa e que est\u00e1 sempre alegre, estava chocado e em sil\u00eancio. Um general crist\u00e3o, homem generoso e com cabelos grisalhos, nos aguarda respeitosamente e, quando terminamos a ora\u00e7\u00e3o, nos convida a se juntar a ele para uma refei\u00e7\u00e3o. Embora o tempo n\u00e3o permitisse ficar, ele nos contou que luta contra o EI para proteger aqueles que ainda vivem nas poucas aldeias crist\u00e3s que restaram na regi\u00e3o. N\u00f3s caminhamos de volta pelas ruas com as casas em ru\u00ednas. Gostaria de saber quando os p\u00e1ssaros ir\u00e3o voltar para esta cidade&#8230;<\/p>\n<p>Mark Riedemann<br \/>Colaborador da Ajuda \u00e0 Igreja que Sofre Internacional<\/p>\n<p style=\"text-align: justify;\">\u00a0<\/p>\n<p style=\"text-align: justify;\">Fonte: ACN<\/p>\n","protected":false},"excerpt":{"rendered":"<p>Padre Halemba olha para a imagem da Virgem Maria destru\u00edda. A cabe\u00e7a foi cortada de seu corpo; o s\u00edmbolo da decapita\u00e7\u00e3o \u00e9 a assinatura do EI. Padre Halemba olha para a imagem da Virgem Maria destru\u00edda. A cabe\u00e7a foi cortada de seu corpo; o s\u00edmbolo da decapita\u00e7\u00e3o \u00e9 a assinatura do EI. O sil\u00eancio \u00e9 [&hellip;]<\/p>\n","protected":false},"author":1,"featured_media":17343,"comment_status":"open","ping_status":"open","sticky":false,"template":"","format":"standard","meta":{"footnotes":""},"categories":[4],"tags":[],"class_list":["post-17344","post","type-post","status-publish","format-standard","has-post-thumbnail","hentry","category-cotidiano"],"_links":{"self":[{"href":"https:\/\/catolicanet.net\/wp-cnet\/wp-json\/wp\/v2\/posts\/17344","targetHints":{"allow":["GET"]}}],"collection":[{"href":"https:\/\/catolicanet.net\/wp-cnet\/wp-json\/wp\/v2\/posts"}],"about":[{"href":"https:\/\/catolicanet.net\/wp-cnet\/wp-json\/wp\/v2\/types\/post"}],"author":[{"embeddable":true,"href":"https:\/\/catolicanet.net\/wp-cnet\/wp-json\/wp\/v2\/users\/1"}],"replies":[{"embeddable":true,"href":"https:\/\/catolicanet.net\/wp-cnet\/wp-json\/wp\/v2\/comments?post=17344"}],"version-history":[{"count":1,"href":"https:\/\/catolicanet.net\/wp-cnet\/wp-json\/wp\/v2\/posts\/17344\/revisions"}],"predecessor-version":[{"id":25362,"href":"https:\/\/catolicanet.net\/wp-cnet\/wp-json\/wp\/v2\/posts\/17344\/revisions\/25362"}],"wp:featuredmedia":[{"embeddable":true,"href":"https:\/\/catolicanet.net\/wp-cnet\/wp-json\/wp\/v2\/media\/17343"}],"wp:attachment":[{"href":"https:\/\/catolicanet.net\/wp-cnet\/wp-json\/wp\/v2\/media?parent=17344"}],"wp:term":[{"taxonomy":"category","embeddable":true,"href":"https:\/\/catolicanet.net\/wp-cnet\/wp-json\/wp\/v2\/categories?post=17344"},{"taxonomy":"post_tag","embeddable":true,"href":"https:\/\/catolicanet.net\/wp-cnet\/wp-json\/wp\/v2\/tags?post=17344"}],"curies":[{"name":"wp","href":"https:\/\/api.w.org\/{rel}","templated":true}]}}