{"id":17342,"date":"2016-08-25T12:49:59","date_gmt":"2016-08-25T15:49:59","guid":{"rendered":"http:\/\/catolicanet.net\/wp-cnet\/2016\/08\/25\/egipat-house-orfanato-do-amor\/"},"modified":"2017-05-31T09:39:58","modified_gmt":"2017-05-31T12:39:58","slug":"egipat-house-orfanato-do-amor","status":"publish","type":"post","link":"https:\/\/catolicanet.net\/wp-cnet\/egipat-house-orfanato-do-amor\/","title":{"rendered":"Egipat House: Orfanato do Amor"},"content":{"rendered":"<p style=\"text-align: justify;\"><img decoding=\"async\" src=\"http:\/\/www.catolicanet.com.br\/images\/stories\/noticias\/9063df0b1b4d9d96fd7fea653ac618e5_xl.jpg\" border=\"0\" align=\"left\" \/>Katarina folhea o \u00e1lbum de fotografias dos \u00faltimos 20 anos, acompanhada das irm\u00e3s Admirata e Manda. Mas logo sua alegria \u00e9 manchada pela melancolia. As fotografias guardam mem\u00f3rias dos vivos e felizes dias da inf\u00e2ncia. Agora ela se prepara para uma etapa nova de sua vida. Katarina \u00e9 o filha mais velha no orfanato &#8220;Egipat House&#8221; da ordem Irm\u00e3s Servas do Menino Jesus. Seus pais eram refugiados durante a guerra na B\u00f3snia e n\u00e3o tinham nenhuma condi\u00e7\u00e3o de cuidar dos filhos. A solu\u00e7\u00e3o provis\u00f3ria foi deixar Katarina e seu irm\u00e3o mais velho, Stipo, com a av\u00f3. &#8220;A senhora estava muito sobrecarregada com a cria\u00e7\u00e3o das duas crian\u00e7as,&#8221; irm\u00e3 Admirata recorda, &#8220;e por isso as trouxe para c\u00e1.&#8221; Katarina tinha dois anos de idade, quando foi morar com as freiras e agora, com dezenove anos, se prepara para deixar o orfanato, que se tornou a sua casa. &#8220;Fico um pouco nervosa quando penso como ser\u00e1 a vida l\u00e1 fora&#8221;, diz ela. Irm\u00e3 Admirata n\u00e3o vacila ao afirmar que &#8220;Katarina est\u00e1 bem preparada para o mundo adulto.&#8221;<\/p>\n<p>Admirata \u00e9 a irm\u00e3 superiora que dirige o orfanato e mais um jardim de inf\u00e2ncia no convento em Sarajevo. No hall do pr\u00e9dio, uma pintura em tamanho natural faz mem\u00f3ria \u00e0 Dom Josip Stadler (1843 &#8211; 1918), para quem o convento deve sua exist\u00eancia e sua base espiritual. Josip Stadler n\u00e3o s\u00f3 fundou a ordem religiosa em 1890, mas tamb\u00e9m se tornou defensor das crian\u00e7as necessitadas ao fundar orfanatos considerados exemplares. Na \u00e9poca, as freiras escolheram dar a seu convento o nome de &#8220;Egito&#8221; para recordar a fuga do Menino Jesus do tirano Herodes.<\/p>\n<p>Hoje, as irm\u00e3s podem olhar para tr\u00e1s e ver na hist\u00f3ria um tempo que era rico em b\u00ean\u00e7\u00e3os, mas tamb\u00e9m tempestuoso, e que, em completa contradi\u00e7\u00e3o com o esp\u00edrito benigno de Josip Stadler, tamb\u00e9m foi muitas vezes marcado pela destrui\u00e7\u00e3o e \u00f3dio. A ordem foi desapropriada em 1949 sob a ditadura do partido comunista da Rep\u00fablica Popular Federativa da Iugosl\u00e1via. O edif\u00edcio conventual foi interdidato, as crian\u00e7as foram tiradas das freiras e colocadas em instala\u00e7\u00f5es estatais. &#8220;A f\u00e9 n\u00e3o mais desempenhava papel na educa\u00e7\u00e3o&#8221;, diz a irm\u00e3 Admirata. &#8220;Voc\u00ea n\u00e3o estava autorizado a falar com seus filhos sobre Deus.&#8221;<\/p>\n<p>Em 1992, no in\u00edcio da Guerra da B\u00f3snia, for\u00e7as armadas s\u00e9rvias em bombardeio levaram o pr\u00e9dio ao ch\u00e3o. No entanto, ele foi reerguido das ru\u00ednas. Admirata junto de mais doze freiras, que s\u00e3o assistidas pela Ajuda \u00e0 Igreja que Sofre (ACN), s\u00e3o felizes por terem fundado o primeiro orfanato p\u00f3s-guerra na B\u00f3snia, em 1999. Hoje, 55 meninos e meninas est\u00e3o na creche, enquanto 19 crian\u00e7as vivem no orfanato em tempo integral. As crian\u00e7as que perderam seus pais, ou cujos os pais n\u00e3o tem condi\u00e7\u00f5es de criar os filhos, encontraram ali um lar. Irm\u00e3 Admirata diz: &#8220;Nossas crian\u00e7as do jardim de inf\u00e2ncia, na sua maioria, v\u00eam de ambientes sociais muito dif\u00edceis, mas temos ainda outros contextos. Temos tamb\u00e9m aqui filhos de diplomatas e de fam\u00edlias de classe m\u00e9dia aqui. &#8220;<\/p>\n<p>O irm\u00e3o de Katarina Stipo j\u00e1 deixou o orfanato. Ele recebeu forma\u00e7\u00e3o para mec\u00e2nico de autom\u00f3veis e agora est\u00e1 trabalhando em um projeto agr\u00edcola da Igreja, na regi\u00e3o de Cardak. Depois de nove anos de escolaridade, Katarina tamb\u00e9m completou a forma\u00e7\u00e3o que a torna numa assistente de vendas e vitrinista. &#8220;Espero encontrar um bom trabalho.&#8221; Suas chances de ser empregada s\u00e3o boas. As freiras agora est\u00e3o ajudando a jovem a encontrar um lugar para morar acess\u00edvel em Sarajevo. O que n\u00e3o \u00e9 uma tarefa f\u00e1cil. No entanto, Admirata transpira confian\u00e7a, &#8220;N\u00f3s vamos encontrar uma solu\u00e7\u00e3o em conjunto.&#8221;<\/p>\n<p>Duas crian\u00e7as mu\u00e7ulmanas rec\u00e9m chegaram no orfanato: Melissa com 7 anos de idade e seu irm\u00e3o Omer, que \u00e9 um ano mais velho. A m\u00e3e foi embora, deixando os dois sozinhos. Seu pai tomou outra mulher e os irm\u00e3os acabaram ficando com o av\u00f4. N\u00e3o conseguindo cri\u00e1-los, o senhor procurou as Servas do Menino Jesus pedindo ajuda. E n\u00e3o foi em v\u00e3o. Hoje, Omer e Melissa est\u00e3o frequentando a primeira s\u00e9rie na escola prim\u00e1ria cat\u00f3lica e est\u00e3o se desenvolvendo muito bem. Ao aceitar mu\u00e7ulmanos, bem como crian\u00e7as ortodoxas na &#8220;Egipat House&#8221;, as freiras agem em total conformidade com a filosofia do fundador de sua ordem. Josip Stadler era considerado o &#8220;pai dos pobres&#8221; por pessoas de todas as religi\u00f5es e denomina\u00e7\u00f5es. As Servas do Menino Jesus tamb\u00e9m n\u00e3o separam as crian\u00e7as por religi\u00e3o. &#8220;N\u00f3s estamos aqui para cuidar das crian\u00e7as que precisam de n\u00f3s&#8221;, diz a irm\u00e3 Admirata.<\/p>\n<p>As freiras Servas do Menino Jesus \u00e9 um dos projetos que a Ajuda \u00e0 Igreja que Sofre apoia. Muitas fam\u00edlias, pais e principalmente crian\u00e7as, encontraram nas irm\u00e3s a face acolhedora de Deus. Em nome delas, mas sobretudo das crian\u00e7as, como da nossa jovem Katarina, muito obrigado por voc\u00ea ter as ajudado e dado um futuro.<\/p>\n<p style=\"text-align: justify;\">\u00a0<\/p>\n<p style=\"text-align: justify;\">Fonte: ACN<\/p>\n","protected":false},"excerpt":{"rendered":"<p>Katarina folhea o \u00e1lbum de fotografias dos \u00faltimos 20 anos, acompanhada das irm\u00e3s Admirata e Manda. Mas logo sua alegria \u00e9 manchada pela melancolia. As fotografias guardam mem\u00f3rias dos vivos e felizes dias da inf\u00e2ncia. Agora ela se prepara para uma etapa nova de sua vida. Katarina \u00e9 o filha mais velha no orfanato &#8220;Egipat [&hellip;]<\/p>\n","protected":false},"author":1,"featured_media":17341,"comment_status":"open","ping_status":"open","sticky":false,"template":"","format":"standard","meta":{"footnotes":""},"categories":[4],"tags":[],"class_list":["post-17342","post","type-post","status-publish","format-standard","has-post-thumbnail","hentry","category-cotidiano"],"_links":{"self":[{"href":"https:\/\/catolicanet.net\/wp-cnet\/wp-json\/wp\/v2\/posts\/17342","targetHints":{"allow":["GET"]}}],"collection":[{"href":"https:\/\/catolicanet.net\/wp-cnet\/wp-json\/wp\/v2\/posts"}],"about":[{"href":"https:\/\/catolicanet.net\/wp-cnet\/wp-json\/wp\/v2\/types\/post"}],"author":[{"embeddable":true,"href":"https:\/\/catolicanet.net\/wp-cnet\/wp-json\/wp\/v2\/users\/1"}],"replies":[{"embeddable":true,"href":"https:\/\/catolicanet.net\/wp-cnet\/wp-json\/wp\/v2\/comments?post=17342"}],"version-history":[{"count":1,"href":"https:\/\/catolicanet.net\/wp-cnet\/wp-json\/wp\/v2\/posts\/17342\/revisions"}],"predecessor-version":[{"id":25363,"href":"https:\/\/catolicanet.net\/wp-cnet\/wp-json\/wp\/v2\/posts\/17342\/revisions\/25363"}],"wp:featuredmedia":[{"embeddable":true,"href":"https:\/\/catolicanet.net\/wp-cnet\/wp-json\/wp\/v2\/media\/17341"}],"wp:attachment":[{"href":"https:\/\/catolicanet.net\/wp-cnet\/wp-json\/wp\/v2\/media?parent=17342"}],"wp:term":[{"taxonomy":"category","embeddable":true,"href":"https:\/\/catolicanet.net\/wp-cnet\/wp-json\/wp\/v2\/categories?post=17342"},{"taxonomy":"post_tag","embeddable":true,"href":"https:\/\/catolicanet.net\/wp-cnet\/wp-json\/wp\/v2\/tags?post=17342"}],"curies":[{"name":"wp","href":"https:\/\/api.w.org\/{rel}","templated":true}]}}