{"id":17338,"date":"2016-08-25T12:24:28","date_gmt":"2016-08-25T15:24:28","guid":{"rendered":"http:\/\/catolicanet.net\/wp-cnet\/2016\/08\/25\/em-biografia-bento-xvi-revela-motivos-da-renuncia\/"},"modified":"2017-06-02T10:25:27","modified_gmt":"2017-06-02T13:25:27","slug":"em-biografia-bento-xvi-revela-motivos-da-renuncia","status":"publish","type":"post","link":"https:\/\/catolicanet.net\/wp-cnet\/em-biografia-bento-xvi-revela-motivos-da-renuncia\/","title":{"rendered":"Em biografia, Bento XVI revela motivos da ren\u00fancia"},"content":{"rendered":"<p style=\"text-align: justify;\"><img decoding=\"async\" src=\"http:\/\/www.catolicanet.com.br\/images\/stories\/noticias\/ansa1033835_articolo.jpg\" border=\"0\" align=\"left\" \/>R\u00e1dio Vaticano (RV) \u2013 Em entrevista ao te\u00f3logo Elio Guerriero publicada pelo jornal italiano La Repubblica, o Papa em\u00e9rito Bento XVI fala sobre seu relacionamento fraterno com o seu sucessor Francisco e afirma: \u201cminha obedi\u00eancia nunca foi colocada em discuss\u00e3o\u201d.<\/p>\n<p style=\"text-align: justify;\"><a href=\"http:\/\/media02.radiovaticana.va\/audio\/audio2\/mp3\/00545219.mp3\">Clique aqui para ouvir.<\/a><\/p>\n<p style=\"text-align: justify;\">Guerriero \u00e9 autor de uma biografia de Ratzinger \u201cServo de Deus e da humanidade. A biografia de Bento XVI\u201d (Mil\u00e3o, Mondadori, 2016, 542 p\u00e1ginas). A Obra ser\u00e1 lan\u00e7ada no dia 30 de agosto.<\/p>\n<p>Entrevista<\/p>\n<p>Para escrever os cap\u00edtulos finais, Elio foi ao Mosteiro Mater Ecclesiae no Vaticano, onde o Papa em\u00e9rito vive desde a ren\u00fancia em 2013. Na ocasi\u00e3o, Bento XVI ofereceu ao escritor a oportunidade de &#8220;fazer algumas perguntas, como em uma entrevista&#8221; e &#8220;como sempre &#8211; conta o escritor &#8211; foi gentil e pr\u00e1tico&#8221;, dizendo: &#8220;Me fa\u00e7a as perguntas, depois me envie tudo e veremos\u201d. <\/p>\n<p>O ponto central da entrevista foi o relacionamento do Papa em\u00e9rito com o seu sucessor, o Papa Francisco. Sem precedentes hist\u00f3ricos sobre a conviv\u00eancia de \u2018dois Papas\u2019 no Vaticano, Bento XVI se diz muito grato a Deus por esses momentos.<\/p>\n<p>Ano da F\u00e9 e JMJ-Rio 2013<\/p>\n<p>Bento XVI estava sereno quando falava da sua hist\u00f3rica ren\u00fancia ao Pontificado, igualmente quando na \u00e9poca comunicou ao Col\u00e9gio Cardinal\u00edcio e ao mundo. \u201cPara mim essa ren\u00fancia era um dever\u201d, confiou o Papa Em\u00e9rito ao escritor.<\/p>\n<p>\u201cEu gostaria de concluir o Ano da F\u00e9 e de escrever a Enc\u00edclica sobre a F\u00e9 que deveria encerrar o percurso iniciado com Deus Caritas Est, mas em 2013 t\u00ednhamos muitos trabalhos que eu n\u00e3o conseguiria terminar\u201d, confessou Bento XVI.<\/p>\n<p>\u201cA data para a Jornada Mundial da Juventude no Rio de Janeiro j\u00e1 estava fixada, mas eu n\u00e3o me sentia capaz de faz\u00ea-la. Ap\u00f3s a ida a M\u00e9xico e a Cuba (\u00faltimas viagens de seu Pontificado), n\u00e3o conseguia mais realizar viagens muito longas. Mas, como fixou Jo\u00e3o Paulo II, nessas jornadas a presen\u00e7a do Papa \u00e9 indispens\u00e1vel. N\u00e3o poderia pensar em uma conex\u00e3o televisiva, ou outras formas tecnol\u00f3gicas. Tamb\u00e9m por essa circunst\u00e2ncia a ren\u00fancia para mim era um dever\u201d,<\/p>\n<p>O Papa em\u00e9rito tinha confian\u00e7a de que mesmo sem a sua presen\u00e7a o \u201cAno da F\u00e9 seguiria muito bem at\u00e9 o fim&#8221;.<\/p>\n<p>A f\u00e9 \u00e9 uma gra\u00e7a, um dom generoso de Deus aos fi\u00e9is. Eu tinha a convic\u00e7\u00e3o que o meu sucessor, assim quando chegasse, igualmente levaria como quisesse o Senhor a iniciativa come\u00e7ada por mim&#8221;.<\/p>\n<p style=\"text-align: justify;\"><a href=\"https:\/\/www.youtube.com\/watch?v=PlJxofGgym0\">Clique aqui para assistir.<\/a><\/p>\n<p style=\"text-align: justify;\">Ren\u00fancia<\/p>\n<p>Foi durante a viagem ao M\u00e9xico que amadureceu a decis\u00e3o de renunciar ao minist\u00e9rio petrino. \u201cA viagem foi muito bonita e comovente\u201d, mas nos mesmos dias \u2013 conta Ratzinger \u2013 \u201cexperimentei os limites da minha resist\u00eancia f\u00edsica. Me dei conta que n\u00e3o tinha mais condi\u00e7\u00f5es de enfrentar no futuro voos intercontinentais, os fusos hor\u00e1rios. Naturalmente, de forma clara, n\u00e3o teria condi\u00e7\u00f5es de ir para JMJ Rio 2013, daquele momento em diante, deveria decidir o tempo de forma breve para a minha retirada\u201d.<\/p>\n<p>\u201cPrecisava pensar em coisas pr\u00e1ticas, por exemplo, onde viveria depois da ren\u00fancia? Bento XVI se lembrava de uma ilumina\u00e7\u00e3o de S\u00e3o Jo\u00e3o Paulo II, na qual tinha decidido que o mosteiro Mater Ecclesiae, no passado casa do diretor da R\u00e1dio Vaticano, se tornaria &#8220;um lugar de ora\u00e7\u00e3o contemplativa, como uma fonte de \u00e1gua viva no Vaticano. Assim, foi aberta para mim de forma natural onde seria o lugar que eu poderia continuar a servi\u00e7o da ora\u00e7\u00e3o&#8221;.<\/p>\n<p>Relacionamento Fraterno<\/p>\n<p>Sobre a obedi\u00eancia, Joseph Ratzinger tem o cuidado de salientar na entrevista que o sucessor &#8220;nunca foi questionado&#8221;.\u00a0 No momento da elei\u00e7\u00e3o de Bergoglio &#8211; recorda &#8211; &#8220;eu tentei, como muitos outros, de forma espont\u00e2nea estar em estado de Gratid\u00e3o a Deus. Depois de dois papas provenientes da Europa Central, o Senhor estava desenhando como parecia \u00e0 Igreja universal, e nos convidou para uma comunh\u00e3o mais ampla, mais cat\u00f3lica&#8221;.<\/p>\n<p>&#8220;Pessoalmente, desde o in\u00edcio eu estava profundamente tocado pela extraordin\u00e1ria disponibilidade humana do Papa Francisco comigo. Imediatamente ap\u00f3s a sua elei\u00e7\u00e3o, ele me ligou. Sem sucesso, me chamou mais uma vez depois de um encontro com a Igreja universal do balc\u00e3o da Bas\u00edlica de S\u00e3o Pedro e me falou com grande cordialidade. Desde ent\u00e3o, temos um relacionamento maravilhosamente paternal-fraternal. Ele muitas vezes me manda pequenos presentes, cartas pessoais. Antes de embarcar em viagens longas, o Papa Francisco nunca deixa de me visitar.\u00a0 A bondade humana com a qual ele me trata, \u00e9 para mim uma gra\u00e7a especial nesta \u00faltima fase da minha vida. Eu s\u00f3 posso ser grato. O que ele diz sobre ir ao encontro dos outros, n\u00e3o s\u00e3o apenas palavras. Ele p\u00f5e em pr\u00e1tica comigo. Que o Senhor o fa\u00e7a sentir sempre mais a Sua bondade. Por isso eu rezo a Deus por ele.&#8221;<\/p>\n<p>Pref\u00e1cio do Papa Francisco<\/p>\n<p>\u201cTodos na Igreja temos uma grande d\u00edvida de gratid\u00e3o para com Joseph Ratzinger-Bento XVI pela profundidade e o equil\u00edbrio do seu pensamento teol\u00f3gico, vivido sempre ao servi\u00e7o da Igreja, at\u00e9 \u00e0s responsabilidades mais elevadas\u201d, escreve o Pont\u00edfice no pref\u00e1cio da nova biografia.<\/p>\n<p>Francisco aceitou prefaciar a obra, elogiando a \u201ccoragem e determina\u00e7\u00e3o\u201d com que o seu antecessor enfrentou \u201csitua\u00e7\u00f5es dif\u00edceis\u201d, colocando a Igreja num caminho de \u201crenova\u00e7\u00e3o e purifica\u00e7\u00e3o\u201d.<\/p>\n<p>Francisco fala numa \u201cliga\u00e7\u00e3o espiritual\u201d que considera \u201cparticularmente profunda\u201d com Bento XVI e agradece a presen\u00e7a \u201cdiscreta\u201d e a ora\u00e7\u00e3o do Papa em\u00e9rito pela Igreja.<\/p>\n<p>O pref\u00e1cio foi divulgado hoje, na \u00edntegra, pelo jornal Avvenire, da Confer\u00eancia Episcopal Italiana.<\/p>\n<p style=\"text-align: justify;\">\u00a0<\/p>\n<p style=\"text-align: justify;\">Fonte: R\u00e1dio Vaticano<\/p>\n","protected":false},"excerpt":{"rendered":"<p>R\u00e1dio Vaticano (RV) \u2013 Em entrevista ao te\u00f3logo Elio Guerriero publicada pelo jornal italiano La Repubblica, o Papa em\u00e9rito Bento XVI fala sobre seu relacionamento fraterno com o seu sucessor Francisco e afirma: \u201cminha obedi\u00eancia nunca foi colocada em discuss\u00e3o\u201d. Clique aqui para ouvir. Guerriero \u00e9 autor de uma biografia de Ratzinger \u201cServo de Deus [&hellip;]<\/p>\n","protected":false},"author":1,"featured_media":17337,"comment_status":"open","ping_status":"open","sticky":false,"template":"","format":"standard","meta":{"footnotes":""},"categories":[3],"tags":[],"class_list":["post-17338","post","type-post","status-publish","format-standard","has-post-thumbnail","hentry","category-vaticano"],"_links":{"self":[{"href":"https:\/\/catolicanet.net\/wp-cnet\/wp-json\/wp\/v2\/posts\/17338","targetHints":{"allow":["GET"]}}],"collection":[{"href":"https:\/\/catolicanet.net\/wp-cnet\/wp-json\/wp\/v2\/posts"}],"about":[{"href":"https:\/\/catolicanet.net\/wp-cnet\/wp-json\/wp\/v2\/types\/post"}],"author":[{"embeddable":true,"href":"https:\/\/catolicanet.net\/wp-cnet\/wp-json\/wp\/v2\/users\/1"}],"replies":[{"embeddable":true,"href":"https:\/\/catolicanet.net\/wp-cnet\/wp-json\/wp\/v2\/comments?post=17338"}],"version-history":[{"count":1,"href":"https:\/\/catolicanet.net\/wp-cnet\/wp-json\/wp\/v2\/posts\/17338\/revisions"}],"predecessor-version":[{"id":27905,"href":"https:\/\/catolicanet.net\/wp-cnet\/wp-json\/wp\/v2\/posts\/17338\/revisions\/27905"}],"wp:featuredmedia":[{"embeddable":true,"href":"https:\/\/catolicanet.net\/wp-cnet\/wp-json\/wp\/v2\/media\/17337"}],"wp:attachment":[{"href":"https:\/\/catolicanet.net\/wp-cnet\/wp-json\/wp\/v2\/media?parent=17338"}],"wp:term":[{"taxonomy":"category","embeddable":true,"href":"https:\/\/catolicanet.net\/wp-cnet\/wp-json\/wp\/v2\/categories?post=17338"},{"taxonomy":"post_tag","embeddable":true,"href":"https:\/\/catolicanet.net\/wp-cnet\/wp-json\/wp\/v2\/tags?post=17338"}],"curies":[{"name":"wp","href":"https:\/\/api.w.org\/{rel}","templated":true}]}}