{"id":17336,"date":"2016-08-25T12:15:44","date_gmt":"2016-08-25T15:15:44","guid":{"rendered":"http:\/\/catolicanet.net\/wp-cnet\/2016\/08\/25\/acordo-de-paz-para-a-colombia-e-selado-em-havana\/"},"modified":"2017-06-02T09:39:33","modified_gmt":"2017-06-02T12:39:33","slug":"acordo-de-paz-para-a-colombia-e-selado-em-havana","status":"publish","type":"post","link":"https:\/\/catolicanet.net\/wp-cnet\/acordo-de-paz-para-a-colombia-e-selado-em-havana\/","title":{"rendered":"Acordo de Paz para a Col\u00f4mbia \u00e9 selado em Havana"},"content":{"rendered":"<p style=\"text-align: justify;\"><img decoding=\"async\" src=\"http:\/\/www.catolicanet.com.br\/images\/stories\/noticias\/reuters1679925_articolo.jpg\" border=\"0\" align=\"left\" \/>R\u00e1dio Vaticano (RV) \u2013 As delega\u00e7\u00f5es do Governo da Col\u00f4mbia e das For\u00e7as Armadas Revolucion\u00e1rias da Col\u00f4mbia (FARC), anunciaram na quarta-feira (24\/08) terem chegado a \u201cum Acordo Final, integral e definitivo\u201d sobre a totalidade dos pontos da Agenda do Acordo Geral para o Fim do Conflito e a Constru\u00e7\u00e3o de uma Paz Est\u00e1vel e Duradoura na Col\u00f4mbia.<\/p>\n<p>Na presen\u00e7a do Ministro das Rela\u00e7\u00f5es Exteriores de Cuba, Bruno Rodr\u00edguez Parrilla, o documento que foi lido pelos mediadores de Cuba e da Noruega \u201cafirma que ambas as partes deram por conclu\u00eddas as negocia\u00e7\u00f5es para chegar a um acordo de paz ap\u00f3s quatro anos de conversa\u00e7\u00f5es na capital cubana\u201d.<\/p>\n<p>O Acordo coloca fim a meio s\u00e9culo de hostilidades na Col\u00f4mbia. Todavia, deve ser aprovado por um Referendo popular em 2 de outubro.<\/p>\n<p>Igreja<\/p>\n<p>A Igreja colombiana olha com esperan\u00e7a para o Acordo de Havana. Em uma nota publicada no site da Confer\u00eancia Episcopal, os bispos de Bogot\u00e1 escrevem:<\/p>\n<p>\u201cRecebemos com esperan\u00e7a a oportunidade que se abre agora de colocar fim ao conflito armado que marcou a hist\u00f3rico de nosso pa\u00eds por mais de 50 anos\u201d.<\/p>\n<p>Brasil<\/p>\n<p>O Governo brasileiro expressou sua satisfa\u00e7\u00e3o pelo Acordo. Em nota, o Itamaraty afirmou que \u201ctrata-se de um acontecimento de transcend\u00eancia hist\u00f3rica, n\u00e3o s\u00f3 para a Col\u00f4mbia mas para toda a regi\u00e3o\u201d.<\/p>\n<p style=\"text-align: justify;\">\u00a0<\/p>\n<p style=\"text-align: justify;\">Fonte: R\u00e1dio Vaticano<\/p>\n","protected":false},"excerpt":{"rendered":"<p>R\u00e1dio Vaticano (RV) \u2013 As delega\u00e7\u00f5es do Governo da Col\u00f4mbia e das For\u00e7as Armadas Revolucion\u00e1rias da Col\u00f4mbia (FARC), anunciaram na quarta-feira (24\/08) terem chegado a \u201cum Acordo Final, integral e definitivo\u201d sobre a totalidade dos pontos da Agenda do Acordo Geral para o Fim do Conflito e a Constru\u00e7\u00e3o de uma Paz Est\u00e1vel e Duradoura [&hellip;]<\/p>\n","protected":false},"author":1,"featured_media":17335,"comment_status":"open","ping_status":"open","sticky":false,"template":"","format":"standard","meta":{"footnotes":""},"categories":[3],"tags":[],"class_list":["post-17336","post","type-post","status-publish","format-standard","has-post-thumbnail","hentry","category-vaticano"],"_links":{"self":[{"href":"https:\/\/catolicanet.net\/wp-cnet\/wp-json\/wp\/v2\/posts\/17336","targetHints":{"allow":["GET"]}}],"collection":[{"href":"https:\/\/catolicanet.net\/wp-cnet\/wp-json\/wp\/v2\/posts"}],"about":[{"href":"https:\/\/catolicanet.net\/wp-cnet\/wp-json\/wp\/v2\/types\/post"}],"author":[{"embeddable":true,"href":"https:\/\/catolicanet.net\/wp-cnet\/wp-json\/wp\/v2\/users\/1"}],"replies":[{"embeddable":true,"href":"https:\/\/catolicanet.net\/wp-cnet\/wp-json\/wp\/v2\/comments?post=17336"}],"version-history":[{"count":1,"href":"https:\/\/catolicanet.net\/wp-cnet\/wp-json\/wp\/v2\/posts\/17336\/revisions"}],"predecessor-version":[{"id":27634,"href":"https:\/\/catolicanet.net\/wp-cnet\/wp-json\/wp\/v2\/posts\/17336\/revisions\/27634"}],"wp:featuredmedia":[{"embeddable":true,"href":"https:\/\/catolicanet.net\/wp-cnet\/wp-json\/wp\/v2\/media\/17335"}],"wp:attachment":[{"href":"https:\/\/catolicanet.net\/wp-cnet\/wp-json\/wp\/v2\/media?parent=17336"}],"wp:term":[{"taxonomy":"category","embeddable":true,"href":"https:\/\/catolicanet.net\/wp-cnet\/wp-json\/wp\/v2\/categories?post=17336"},{"taxonomy":"post_tag","embeddable":true,"href":"https:\/\/catolicanet.net\/wp-cnet\/wp-json\/wp\/v2\/tags?post=17336"}],"curies":[{"name":"wp","href":"https:\/\/api.w.org\/{rel}","templated":true}]}}