{"id":17288,"date":"2016-08-23T18:10:43","date_gmt":"2016-08-23T21:10:43","guid":{"rendered":"http:\/\/catolicanet.net\/wp-cnet\/2016\/08\/23\/devemos-manifestar-a-misericordia-de-deus-atraves-da-nossa-vocacao-afirma-dom-sergio\/"},"modified":"2017-05-26T15:01:19","modified_gmt":"2017-05-26T18:01:19","slug":"devemos-manifestar-a-misericordia-de-deus-atraves-da-nossa-vocacao-afirma-dom-sergio","status":"publish","type":"post","link":"https:\/\/catolicanet.net\/wp-cnet\/devemos-manifestar-a-misericordia-de-deus-atraves-da-nossa-vocacao-afirma-dom-sergio\/","title":{"rendered":"\u201cDevemos manifestar a miseric\u00f3rdia de Deus atrav\u00e9s da nossa voca\u00e7\u00e3o\u201d, afirma dom Sergio"},"content":{"rendered":"<p style=\"text-align: justify;\"><img decoding=\"async\" src=\"http:\/\/www.catolicanet.com.br\/images\/stories\/noticias\/consep-23-8-01.jpg\" border=\"0\" align=\"left\" \/>Presidente da CNBB abriu atividades do Consep<\/p>\n<p>\u201cManifestar a miseric\u00f3rdia de Deus por meio da nossa voca\u00e7\u00e3o\u201d. Esta foi a motiva\u00e7\u00e3o do arcebispo de Bras\u00edlia e presidente da Confer\u00eancia Nacional dos Bispos do Brasil (CNBB), dom Sergio da Rocha, durante a celebra\u00e7\u00e3o da palavra que abriu as atividades do Conselho Episcopal Pastoral (Consep) da entidade, reunido em Bras\u00edlia (DF) nesta ter\u00e7a e quarta-feira, 23 e 24 de agosto. <\/p>\n<p>No contexto do M\u00eas Vocacional, foi proposta a tem\u00e1tica \u201cVoca\u00e7\u00e3o: dom da divina Miseric\u00f3rdia\u201d. Segundo dom Sergio, o texto do Evangelho de Marcos, quando um homem pergunta a Jesus o que deve fazer para ganhar a vida eterna e Ele \u201cfitando-o, com amor\u201d responde que deve vender seus bens, dar o dinheiro aos pobres e segui-Lo, recordou que \u201ctoda a voca\u00e7\u00e3o na Igreja tem a sua origem no olhar compassivo de Jesus\u201d. <\/p>\n<p>Em sua reflex\u00e3o, dom Sergio afirmou que a \u201cmensagem do Evangelho ressalta o olhar de Jesus \u00e0quele e \u00e0quela que \u00e9 chamado. Jesus olhou com compaix\u00e3o, com miseric\u00f3rdia\u201d. Para o presidente da CNBB, a voca\u00e7\u00e3o, na proposta de medita\u00e7\u00e3o, \u201c\u00e9 sempre dom da miseric\u00f3rdia de Deus, fruto da compaix\u00e3o de Deus\u201d. <\/p>\n<p>\u201cN\u00e3o \u00e9 uma afirma\u00e7\u00e3o teol\u00f3gica, mas uma experi\u00eancia que n\u00f3s vamos fazendo na pr\u00f3pria vida e, como a nossa voca\u00e7\u00e3o, na origem dela est\u00e1 a compaix\u00e3o, a miseric\u00f3rdia de Deus\u201d, disse. <\/p>\n<p>Dom Sergio explicou que a miseric\u00f3rdia n\u00e3o se expressa apenas no perd\u00e3o, no momento de fragilidade, no momento de pecado, mas tamb\u00e9m como \u201cternura de Deus, como gra\u00e7a, gratuidade\u201d. <\/p>\n<p>\u201cA nossa voca\u00e7\u00e3o d\u00e1 os frutos esperados por Deus por meio da miseric\u00f3rdia\u201d, afirmou. Dom Sergio concluiu lembrando das pessoas sofridas e necessitadas do olhar compassivo e misericordioso de Deus por meio dos olhos dos vocacionados e vocacionadas, cuja fonte e sustento \u00e9 a miseric\u00f3rdia. \u201cDevemos manifestar a miseric\u00f3rdia de Deus atrav\u00e9s da nossa voca\u00e7\u00e3o\u201d, finalizou.<\/p>\n<p style=\"text-align: justify;\">Programa\u00e7\u00e3o<\/p>\n<p><img decoding=\"async\" src=\"http:\/\/www.catolicanet.com.br\/images\/stories\/noticias\/consep-23-8-02.jpg\" border=\"0\" align=\"right\" \/>A reuni\u00e3o do Consep come\u00e7ou com a apresenta\u00e7\u00e3o da an\u00e1lise de conjuntura e uma exposi\u00e7\u00e3o sobre a atual situa\u00e7\u00e3o do Sistema \u00danico de Sa\u00fade (SUS), feita pelo cardiologista e membro da Comiss\u00e3o Brasileira Justi\u00e7a e Paz, Geniberto Paiva Campos. Ainda nesta ter\u00e7a-feira, os bispos escolher\u00e3o o tema da Campanha da Fraternidade de 2018 e tratar\u00e3o sobre o Ano da Miseric\u00f3rdia e o Ano Mariano, em 2017. Outro assunto a ser abordado refere-se ao Projeto de Emenda Constitucional 241, que pretende congelar por 20 anos os gastos prim\u00e1rios do governo, como sa\u00fade e educa\u00e7\u00e3o.<\/p>\n<p>Na quarta-feira, haver\u00e1 reflex\u00e3o sobre a exorta\u00e7\u00e3o apost\u00f3lica p\u00f3s-sinodal do papa Francisco Amoris Laetitia, com exposi\u00e7\u00f5es das Comiss\u00f5es Episcopais para a Vida e Fam\u00edlia e para a Doutrina da F\u00e9 da CNBB. A Comiss\u00e3o Episcopal Pastoral para o Laicato tamb\u00e9m far\u00e1 uma interven\u00e7\u00e3o. Haver\u00e1 ainda reuni\u00e3o dos presidente das Comiss\u00f5es com seus respectivos assessores e planejamento de semin\u00e1rio sobre a tem\u00e1tica escolhida para a CF 2018.<\/p>\n<p><\/p>\n<p style=\"text-align: justify;\">Fonte: CNBB<\/p>\n","protected":false},"excerpt":{"rendered":"<p>Presidente da CNBB abriu atividades do Consep \u201cManifestar a miseric\u00f3rdia de Deus por meio da nossa voca\u00e7\u00e3o\u201d. Esta foi a motiva\u00e7\u00e3o do arcebispo de Bras\u00edlia e presidente da Confer\u00eancia Nacional dos Bispos do Brasil (CNBB), dom Sergio da Rocha, durante a celebra\u00e7\u00e3o da palavra que abriu as atividades do Conselho Episcopal Pastoral (Consep) da entidade, [&hellip;]<\/p>\n","protected":false},"author":1,"featured_media":17287,"comment_status":"open","ping_status":"open","sticky":false,"template":"","format":"standard","meta":{"footnotes":""},"categories":[7],"tags":[],"class_list":["post-17288","post","type-post","status-publish","format-standard","has-post-thumbnail","hentry","category-cnbb"],"_links":{"self":[{"href":"https:\/\/catolicanet.net\/wp-cnet\/wp-json\/wp\/v2\/posts\/17288","targetHints":{"allow":["GET"]}}],"collection":[{"href":"https:\/\/catolicanet.net\/wp-cnet\/wp-json\/wp\/v2\/posts"}],"about":[{"href":"https:\/\/catolicanet.net\/wp-cnet\/wp-json\/wp\/v2\/types\/post"}],"author":[{"embeddable":true,"href":"https:\/\/catolicanet.net\/wp-cnet\/wp-json\/wp\/v2\/users\/1"}],"replies":[{"embeddable":true,"href":"https:\/\/catolicanet.net\/wp-cnet\/wp-json\/wp\/v2\/comments?post=17288"}],"version-history":[{"count":1,"href":"https:\/\/catolicanet.net\/wp-cnet\/wp-json\/wp\/v2\/posts\/17288\/revisions"}],"predecessor-version":[{"id":23480,"href":"https:\/\/catolicanet.net\/wp-cnet\/wp-json\/wp\/v2\/posts\/17288\/revisions\/23480"}],"wp:featuredmedia":[{"embeddable":true,"href":"https:\/\/catolicanet.net\/wp-cnet\/wp-json\/wp\/v2\/media\/17287"}],"wp:attachment":[{"href":"https:\/\/catolicanet.net\/wp-cnet\/wp-json\/wp\/v2\/media?parent=17288"}],"wp:term":[{"taxonomy":"category","embeddable":true,"href":"https:\/\/catolicanet.net\/wp-cnet\/wp-json\/wp\/v2\/categories?post=17288"},{"taxonomy":"post_tag","embeddable":true,"href":"https:\/\/catolicanet.net\/wp-cnet\/wp-json\/wp\/v2\/tags?post=17288"}],"curies":[{"name":"wp","href":"https:\/\/api.w.org\/{rel}","templated":true}]}}