{"id":17277,"date":"2016-08-23T16:24:30","date_gmt":"2016-08-23T19:24:30","guid":{"rendered":"http:\/\/catolicanet.net\/wp-cnet\/2016\/08\/23\/asiamianmar-conferencia-de-paz-qinclusiva-das-minorias-etnicasq-pede-o-card-bo\/"},"modified":"2017-05-31T09:40:05","modified_gmt":"2017-05-31T12:40:05","slug":"asiamianmar-conferencia-de-paz-qinclusiva-das-minorias-etnicasq-pede-o-card-bo","status":"publish","type":"post","link":"https:\/\/catolicanet.net\/wp-cnet\/asiamianmar-conferencia-de-paz-qinclusiva-das-minorias-etnicasq-pede-o-card-bo\/","title":{"rendered":"\u00c1SIA\/MIANMAR &#8211; Confer\u00eancia de paz &#8220;inclusiva das minorias \u00e9tnicas&#8221;, pede o Card. Bo"},"content":{"rendered":"<p style=\"text-align: justify;\"><img decoding=\"async\" src=\"http:\/\/www.catolicanet.com.br\/images\/stories\/noticias\/primopiano_2272.jpg\" border=\"0\" align=\"left\" \/>Yangun (Ag\u00eancia Fides) \u2013 Uma das quest\u00f5es a serem enfrentadas, ap\u00f3s meio s\u00e9culo de governo militar em Mianmar, \u00e9 a longa s\u00e9rie de conflitos entre o ex\u00e9rcito e grupos \u00e9tnicos minorit\u00e1rios que vivem na na\u00e7\u00e3o. \u201c\u00c9 muito importante que o novo governo promova a paz duradoura com estes grupos\u201d, afirma o Cardeal Charles Maung Bo, Arcebispo de Yangun, em nota enviada \u00e0 Fides. &#8220;O governo est\u00e1 tentando resolver a situa\u00e7\u00e3o, mas a constru\u00e7\u00e3o da paz requer tempo\u201d. A paz aut\u00eantica \u201cse constr\u00f3i somente incluindo as principais partes envolvidas e n\u00e3o deixando-as fora da pr\u00f3xima confer\u00eancia de paz em Mianmar\u201d, continuou, convidando todos a \u201creiterar sua vontade de trabalhar pela reconcilia\u00e7\u00e3o\u201d.<br \/>&#8220;Os l\u00edderes, os grupos armados, os partidos pol\u00edticos t\u00eam a obriga\u00e7\u00e3o moral de perseguir um caminho de paz\u201d, observa o Card. Bo, exortando a envolver tamb\u00e9m as organiza\u00e7\u00f5es que n\u00e3o assinaram a tr\u00e9gua no aguardado evento da \u201cConfer\u00eancia de Panglong do XXI s\u00e9culo\u201d que se realizar\u00e1 em 31 de agosto. A Confer\u00eancia ser\u00e1 um momento em que o governo birman\u00eas, atualmente liderado pela Liga para a Democracia (Nld), dever\u00e1 inserir na agenda as negocia\u00e7\u00f5es de paz com grupos \u00e9tnicos que h\u00e1 anos combatem pela autonomia.<br \/>Trata-se de um passo hist\u00f3rico, segundo o Cardeal, porque a nova Confer\u00eancia \u00e9 a primeira depois de 12 de fevereiro de 1947, que estabeleceu o nascimento da Birm\u00e2nia e foi assinada por 4 grupos \u00e9tnicos: Bamar, Chin, Kachin e Shan. Segundo os observadores, a perspectiva de uma reconcilia\u00e7\u00e3o nacional pode ser a de planejar um Estado baseado no modelo federalista.<\/p>\n<p style=\"text-align: justify;\">\u00a0<\/p>\n<p style=\"text-align: justify;\">Fonte: Ag\u00eancia Fides<\/p>\n<p style=\"text-align: justify;\">\u00a0<\/p>\n","protected":false},"excerpt":{"rendered":"<p>Yangun (Ag\u00eancia Fides) \u2013 Uma das quest\u00f5es a serem enfrentadas, ap\u00f3s meio s\u00e9culo de governo militar em Mianmar, \u00e9 a longa s\u00e9rie de conflitos entre o ex\u00e9rcito e grupos \u00e9tnicos minorit\u00e1rios que vivem na na\u00e7\u00e3o. \u201c\u00c9 muito importante que o novo governo promova a paz duradoura com estes grupos\u201d, afirma o Cardeal Charles Maung Bo, [&hellip;]<\/p>\n","protected":false},"author":1,"featured_media":17276,"comment_status":"open","ping_status":"open","sticky":false,"template":"","format":"standard","meta":{"footnotes":""},"categories":[4],"tags":[],"class_list":["post-17277","post","type-post","status-publish","format-standard","has-post-thumbnail","hentry","category-cotidiano"],"_links":{"self":[{"href":"https:\/\/catolicanet.net\/wp-cnet\/wp-json\/wp\/v2\/posts\/17277","targetHints":{"allow":["GET"]}}],"collection":[{"href":"https:\/\/catolicanet.net\/wp-cnet\/wp-json\/wp\/v2\/posts"}],"about":[{"href":"https:\/\/catolicanet.net\/wp-cnet\/wp-json\/wp\/v2\/types\/post"}],"author":[{"embeddable":true,"href":"https:\/\/catolicanet.net\/wp-cnet\/wp-json\/wp\/v2\/users\/1"}],"replies":[{"embeddable":true,"href":"https:\/\/catolicanet.net\/wp-cnet\/wp-json\/wp\/v2\/comments?post=17277"}],"version-history":[{"count":1,"href":"https:\/\/catolicanet.net\/wp-cnet\/wp-json\/wp\/v2\/posts\/17277\/revisions"}],"predecessor-version":[{"id":25376,"href":"https:\/\/catolicanet.net\/wp-cnet\/wp-json\/wp\/v2\/posts\/17277\/revisions\/25376"}],"wp:featuredmedia":[{"embeddable":true,"href":"https:\/\/catolicanet.net\/wp-cnet\/wp-json\/wp\/v2\/media\/17276"}],"wp:attachment":[{"href":"https:\/\/catolicanet.net\/wp-cnet\/wp-json\/wp\/v2\/media?parent=17277"}],"wp:term":[{"taxonomy":"category","embeddable":true,"href":"https:\/\/catolicanet.net\/wp-cnet\/wp-json\/wp\/v2\/categories?post=17277"},{"taxonomy":"post_tag","embeddable":true,"href":"https:\/\/catolicanet.net\/wp-cnet\/wp-json\/wp\/v2\/tags?post=17277"}],"curies":[{"name":"wp","href":"https:\/\/api.w.org\/{rel}","templated":true}]}}