{"id":17271,"date":"2016-08-23T13:54:46","date_gmt":"2016-08-23T16:54:46","guid":{"rendered":"http:\/\/catolicanet.net\/wp-cnet\/2016\/08\/23\/setubal-festa-de-nossa-senhora-do-rosario-de-troia-levou-catolicos-a-rezar-no-sado\/"},"modified":"2017-05-31T09:40:06","modified_gmt":"2017-05-31T12:40:06","slug":"setubal-festa-de-nossa-senhora-do-rosario-de-troia-levou-catolicos-a-rezar-no-sado","status":"publish","type":"post","link":"https:\/\/catolicanet.net\/wp-cnet\/setubal-festa-de-nossa-senhora-do-rosario-de-troia-levou-catolicos-a-rezar-no-sado\/","title":{"rendered":"Set\u00fabal: Festa de Nossa Senhora do Ros\u00e1rio de Tr\u00f3ia levou cat\u00f3licos a rezar no Sado"},"content":{"rendered":"<p style=\"text-align: justify;\"><img decoding=\"async\" src=\"http:\/\/www.catolicanet.com.br\/images\/stories\/noticias\/14068462_1078.jpg\" border=\"0\" align=\"left\" \/>D. Jos\u00e9 Ornelas participou pela primeira vez em celebra\u00e7\u00e3o que v\u00ea como \u00absinal de esperan\u00e7a\u00bb<\/p>\n<p>Set\u00fabal, 23 ago 2016 (Ecclesia) \u2013 A Igreja Cat\u00f3lica em Set\u00fabal viveu tr\u00eas dias de festa com a celebra\u00e7\u00e3o de Nossa Senhora do Ros\u00e1rio de Tr\u00f3ia, este ano pela primeira vez com a presen\u00e7a do bispo diocesano, D. Jos\u00e9 Ornelas, em pleno Rio Sado.<\/p>\n<p>O bispo de Set\u00fabal referiu \u00e0 Ag\u00eancia ECCLESIA que a celebra\u00e7\u00e3o revela a \u201ccapacidade de sonhar\u201d que o mundo pode ser \u201cbonito, mais humano\u201d.<\/p>\n<p>\u201cTrazer a figura de Nossa Senhora vem ensinar-nos o quanto a gente pode humanizar a nossa vida, se tivermos um bocadinho de cora\u00e7\u00e3o, bom senso e nos soubermos p\u00f4r juntos\u201d, referiu D. Jos\u00e9 Ornelas.<\/p>\n<p>Cerca de 160 embarca\u00e7\u00f5es de pesca e de recreio engalanadas participaram no c\u00edrio fluvial das Festas de Nossa Senhora do Ros\u00e1rio de Troia, que esta segunda-feira \u00e0 tarde foi recebido por centenas de pessoas ao longo da zona ribeirinha de Set\u00fabal.<\/p>\n<p>A festa\u00a0 tem caracter\u00edsticas pr\u00f3prias pela sua localiza\u00e7\u00e3o, pelas celebra\u00e7\u00f5es religiosas na praia e no rio Sado, e por envolver a comunidade dos mar\u00edtimos, as pessoas da Diocese de Set\u00fabal que dedicam a sua vida ao mar.<\/p>\n<p>O bispo de Set\u00fabal salientou a \u201cgrande beleza\u201d do evento, assinalando que o belo faz parte da \u201cdimens\u00e3o humana e da dimens\u00e3o da f\u00e9\u201d.<\/p>\n<p>\u201cA dimens\u00e3o est\u00e9tica do bonito que \u00e9 ver as pessoas congregarem-se \u00e0 volta de uma ideia comum, ver as pessoas terem capacidade de colaborar, de inventar, de trazerem o melhor que t\u00eam do seu saber e da sua arte\u201d, desenvolveu D. Jos\u00e9 Ornelas.<\/p>\n<p>O padre Victor Portugal, respons\u00e1vel pela Par\u00f3quia de Santo Est\u00eav\u00e3o que presta servi\u00e7o pastoral \u00e0 festa, destacou a express\u00e3o de f\u00e9 \u201ccom sabor a sal\u201d de um \u201cpovo crente que tem Nossa Senhora como m\u00e3e\u201d.<\/p>\n<p>\u201cO povo que tem no mar a sua subsist\u00eancia passa por muitos perigos e, nestes \u00faltimos tempos, para al\u00e9m dos perigos pr\u00f3prios do mar tamb\u00e9m tem sentido muito a conjuntura nada favor\u00e1vel do pa\u00eds, com leis que muitas vezes limitam a\u00e7\u00e3o e dificultam a sua subsist\u00eancia\u201d, alertou o sacerdote Claretiano \u00e0 Ag\u00eancia ECCLESIA.<\/p>\n<p>A fadita Maria Caetano, filha e neta de pescadores, recorda por sua vez a devo\u00e7\u00e3o das pessoas do mar, \u201cque n\u00e3o tem limites\u201d, vis\u00edveis em tr\u00eas dias de festa \u201cde dedica\u00e7\u00e3o, de entrega da alma\u201d a Nossa Senhora de Tr\u00f3ia.<\/p>\n<p>A entrevistada, que se considera uma \u201cfilha da festa\u201d, cantou um fado na capelinha a seguir \u00e0 b\u00ean\u00e7\u00e3o e explica que participar \u201c\u00e9 um misto de emo\u00e7\u00f5es indescrit\u00edvel\u201d.<\/p>\n<p>\u201cNossa Senhora de Tr\u00f3ia \u00e9 um salva-vidas nos momentos muito aflitivos que nos acode sempre\u201d, acrescentou Maria Caetano, contando que o av\u00f4 paterno morreu no mar.<\/p>\n<p>J\u00e1 o bispo de Set\u00fabal, natural do Arquip\u00e9lago da Madeira, destacou que aquilo que o mar \u201ctem de desconhecido\u201d, mas ao mesmo tempo infunde \u201crespeito\u201d.<\/p>\n<p>\u201cO mar \u00e9 convite \u00e0 universalidade mas ao mesmo tempo \u00e0 intimidade da praia, traz-se os sonhos do mundo de onde se vem, cria-se novas capacidades da terra porque \u00e9 viver este mundo que Deus nos deu em todas as suas capacidades\u201d, comentou D. Jos\u00e9 Ornelas.<\/p>\n<p>A festa de \u201cNossa Senhora de Tr\u00f3ia est\u00e1 presente na mais recente edi\u00e7\u00e3o do Seman\u00e1rio digital ECCLESIA dedicada ao turismo nas 20 dioceses portuguesas.<\/p>\n<p style=\"text-align: justify;\">\u00a0<\/p>\n<p style=\"text-align: justify;\">Fonte: Ag\u00eancia Ecclesia<\/p>\n","protected":false},"excerpt":{"rendered":"<p>D. Jos\u00e9 Ornelas participou pela primeira vez em celebra\u00e7\u00e3o que v\u00ea como \u00absinal de esperan\u00e7a\u00bb Set\u00fabal, 23 ago 2016 (Ecclesia) \u2013 A Igreja Cat\u00f3lica em Set\u00fabal viveu tr\u00eas dias de festa com a celebra\u00e7\u00e3o de Nossa Senhora do Ros\u00e1rio de Tr\u00f3ia, este ano pela primeira vez com a presen\u00e7a do bispo diocesano, D. Jos\u00e9 Ornelas, [&hellip;]<\/p>\n","protected":false},"author":1,"featured_media":17270,"comment_status":"open","ping_status":"open","sticky":false,"template":"","format":"standard","meta":{"footnotes":""},"categories":[4],"tags":[],"class_list":["post-17271","post","type-post","status-publish","format-standard","has-post-thumbnail","hentry","category-cotidiano"],"_links":{"self":[{"href":"https:\/\/catolicanet.net\/wp-cnet\/wp-json\/wp\/v2\/posts\/17271","targetHints":{"allow":["GET"]}}],"collection":[{"href":"https:\/\/catolicanet.net\/wp-cnet\/wp-json\/wp\/v2\/posts"}],"about":[{"href":"https:\/\/catolicanet.net\/wp-cnet\/wp-json\/wp\/v2\/types\/post"}],"author":[{"embeddable":true,"href":"https:\/\/catolicanet.net\/wp-cnet\/wp-json\/wp\/v2\/users\/1"}],"replies":[{"embeddable":true,"href":"https:\/\/catolicanet.net\/wp-cnet\/wp-json\/wp\/v2\/comments?post=17271"}],"version-history":[{"count":1,"href":"https:\/\/catolicanet.net\/wp-cnet\/wp-json\/wp\/v2\/posts\/17271\/revisions"}],"predecessor-version":[{"id":25378,"href":"https:\/\/catolicanet.net\/wp-cnet\/wp-json\/wp\/v2\/posts\/17271\/revisions\/25378"}],"wp:featuredmedia":[{"embeddable":true,"href":"https:\/\/catolicanet.net\/wp-cnet\/wp-json\/wp\/v2\/media\/17270"}],"wp:attachment":[{"href":"https:\/\/catolicanet.net\/wp-cnet\/wp-json\/wp\/v2\/media?parent=17271"}],"wp:term":[{"taxonomy":"category","embeddable":true,"href":"https:\/\/catolicanet.net\/wp-cnet\/wp-json\/wp\/v2\/categories?post=17271"},{"taxonomy":"post_tag","embeddable":true,"href":"https:\/\/catolicanet.net\/wp-cnet\/wp-json\/wp\/v2\/tags?post=17271"}],"curies":[{"name":"wp","href":"https:\/\/api.w.org\/{rel}","templated":true}]}}