{"id":17267,"date":"2016-08-23T13:25:47","date_gmt":"2016-08-23T16:25:47","guid":{"rendered":"http:\/\/catolicanet.net\/wp-cnet\/2016\/08\/23\/vaticano-papa-denuncia-traficos-de-pessoas-e-de-orgaos-como-lcrimes-contra-a-humanidader\/"},"modified":"2017-05-31T09:40:07","modified_gmt":"2017-05-31T12:40:07","slug":"vaticano-papa-denuncia-traficos-de-pessoas-e-de-orgaos-como-lcrimes-contra-a-humanidader","status":"publish","type":"post","link":"https:\/\/catolicanet.net\/wp-cnet\/vaticano-papa-denuncia-traficos-de-pessoas-e-de-orgaos-como-lcrimes-contra-a-humanidader\/","title":{"rendered":"Vaticano: Papa denuncia tr\u00e1ficos de pessoas e de \u00f3rg\u00e3os como \u00abcrimes contra a humanidade\u00bb"},"content":{"rendered":"<p style=\"text-align: justify;\"><img decoding=\"async\" src=\"http:\/\/www.catolicanet.com.br\/images\/stories\/noticias\/2trafico_humano.jpg\" border=\"0\" align=\"left\" \/>Francisco deixa mensagem aos seguidores no Twitter<\/p>\n<p>Cidade do Vaticano, 23 ago 2016 (Ecclesia) &#8211; O Papa denunciou hoje os \u201ccrimes contra a humanidade\u201d que atingem as v\u00edtimas dos tr\u00e1ficos de pessoas e de \u00f3rg\u00e3os.<\/p>\n<p>\u201cO tr\u00e1fico de seres humanos, de \u00f3rg\u00e3os, o trabalho for\u00e7ado e a prostitui\u00e7\u00e3o s\u00e3o escravid\u00f5es modernas e crimes contra a humanidade\u201d, escreve Francisco, numa mensagem aos seus mais de 30 milh\u00f5es de seguidores na rede social Twitter, em nove l\u00ednguas, incluindo o portugu\u00eas.<\/p>\n<p>A den\u00fancia tem sido uma constante no atual pontificado, com alertas para as consequ\u00eancias das migra\u00e7\u00f5es sustentadas por circuitos internacionais do tr\u00e1fico de pessoas.<\/p>\n<p>\u201cA pobreza extrema e outras situa\u00e7\u00f5es de desintegra\u00e7\u00e3o induzem, por vezes, as fam\u00edlias at\u00e9 mesmo a vender os pr\u00f3prios filhos para a prostitui\u00e7\u00e3o ou o tr\u00e1fico de \u00f3rg\u00e3os\u201d, escreveu o Papa na sua mais recente exorta\u00e7\u00e3o apost\u00f3lica, \u2018Amoris Laetitia\u2019.<\/p>\n<p>O debate sobre estas quest\u00f5es est\u00e1 a ser promovido, em particular, na Academia das Ci\u00eancias Sociais (Santa S\u00e9), procurando aumentar a consci\u00eancia da opini\u00e3o p\u00fablica internacional sobre as novas formas de escravid\u00e3o.<\/p>\n<p>A Igreja Cat\u00f3lica promove desde 2015, a 8 de fevereiro, um Dia Internacional de Ora\u00e7\u00e3o e Sensibiliza\u00e7\u00e3o sobre o tr\u00e1fico de pessoas.<\/p>\n<p style=\"text-align: justify;\">\u00a0<\/p>\n<p style=\"text-align: justify;\">Fonte: Ag\u00eancia Ecclesia<\/p>\n","protected":false},"excerpt":{"rendered":"<p>Francisco deixa mensagem aos seguidores no Twitter Cidade do Vaticano, 23 ago 2016 (Ecclesia) &#8211; O Papa denunciou hoje os \u201ccrimes contra a humanidade\u201d que atingem as v\u00edtimas dos tr\u00e1ficos de pessoas e de \u00f3rg\u00e3os. \u201cO tr\u00e1fico de seres humanos, de \u00f3rg\u00e3os, o trabalho for\u00e7ado e a prostitui\u00e7\u00e3o s\u00e3o escravid\u00f5es modernas e crimes contra a [&hellip;]<\/p>\n","protected":false},"author":1,"featured_media":17266,"comment_status":"open","ping_status":"open","sticky":false,"template":"","format":"standard","meta":{"footnotes":""},"categories":[4],"tags":[],"class_list":["post-17267","post","type-post","status-publish","format-standard","has-post-thumbnail","hentry","category-cotidiano"],"_links":{"self":[{"href":"https:\/\/catolicanet.net\/wp-cnet\/wp-json\/wp\/v2\/posts\/17267","targetHints":{"allow":["GET"]}}],"collection":[{"href":"https:\/\/catolicanet.net\/wp-cnet\/wp-json\/wp\/v2\/posts"}],"about":[{"href":"https:\/\/catolicanet.net\/wp-cnet\/wp-json\/wp\/v2\/types\/post"}],"author":[{"embeddable":true,"href":"https:\/\/catolicanet.net\/wp-cnet\/wp-json\/wp\/v2\/users\/1"}],"replies":[{"embeddable":true,"href":"https:\/\/catolicanet.net\/wp-cnet\/wp-json\/wp\/v2\/comments?post=17267"}],"version-history":[{"count":1,"href":"https:\/\/catolicanet.net\/wp-cnet\/wp-json\/wp\/v2\/posts\/17267\/revisions"}],"predecessor-version":[{"id":25380,"href":"https:\/\/catolicanet.net\/wp-cnet\/wp-json\/wp\/v2\/posts\/17267\/revisions\/25380"}],"wp:featuredmedia":[{"embeddable":true,"href":"https:\/\/catolicanet.net\/wp-cnet\/wp-json\/wp\/v2\/media\/17266"}],"wp:attachment":[{"href":"https:\/\/catolicanet.net\/wp-cnet\/wp-json\/wp\/v2\/media?parent=17267"}],"wp:term":[{"taxonomy":"category","embeddable":true,"href":"https:\/\/catolicanet.net\/wp-cnet\/wp-json\/wp\/v2\/categories?post=17267"},{"taxonomy":"post_tag","embeddable":true,"href":"https:\/\/catolicanet.net\/wp-cnet\/wp-json\/wp\/v2\/tags?post=17267"}],"curies":[{"name":"wp","href":"https:\/\/api.w.org\/{rel}","templated":true}]}}