{"id":17263,"date":"2016-08-23T13:10:23","date_gmt":"2016-08-23T16:10:23","guid":{"rendered":"http:\/\/catolicanet.net\/wp-cnet\/2016\/08\/23\/jornada-vocacional-de-fortaleza\/"},"modified":"2017-05-31T09:42:29","modified_gmt":"2017-05-31T12:42:29","slug":"jornada-vocacional-de-fortaleza","status":"publish","type":"post","link":"https:\/\/catolicanet.net\/wp-cnet\/jornada-vocacional-de-fortaleza\/","title":{"rendered":"Jornada Vocacional de Fortaleza"},"content":{"rendered":"<p style=\"text-align: justify;\"><img decoding=\"async\" src=\"http:\/\/www.catolicanet.com.br\/images\/stories\/noticias\/jvf2015_2-768x512.jpg\" border=\"0\" align=\"left\" \/>Festa, feira e solidariedade d\u00e3o o tom da Jornada Vocacional 2016Sete shows nos dois palcos do evento, mais de trinta expositores na Feira Vocacional e parceria renovada com o Hemoce para a coleta de sangue e cadastro de doadores de medula \u00f3ssea movimentar\u00e3o a Jornada Vocacional de Fortaleza (JVF),\u00a0 que acontecer\u00e1 neste domingo, dia 28, das 9h \u00e0s 19h, no col\u00e9gio Santa Isabel, com entrada gratuita.<\/p>\n<p>No palco principal, as atividades come\u00e7am \u00e0s 9h da manh\u00e3 com show de Naldo Jos\u00e9, cearense conhecido no meio art\u00edstico pela evangeliza\u00e7\u00e3o atrav\u00e9s do forr\u00f3. A programa\u00e7\u00e3o segue com a prega\u00e7\u00e3o de Thiago Tom\u00e9, direto da Can\u00e7\u00e3o Nova de Cachoeira Paulista, seguido por apresenta\u00e7\u00e3o de Irm\u00e3 Kelly Patr\u00edcia e Mission\u00e1rio Shalom, banda de pop-rock que fez apresenta\u00e7\u00e3o na Jornada Mundial da Juventude na Crac\u00f3via, Pol\u00f4nia.<\/p>\n<p>A V Feira vocacional acontece simult\u00e2nea ao evento e reunir\u00e1 mais de trinta expositores, congrega\u00e7\u00f5es, institutos e movimentos que podem apresentar para os mais de sete mil participantes que passar\u00e3o pelo encontro seu carisma e modo de viver. \u201c\u00c9 uma forma de ajudar o jovem a pensar e despertar para o chamado vocacional\u201d, pontua padre Rafael Maciel, promotor vocacional da Arquidiocese de Fortaleza e nomeado pelo Papa Francisco Mission\u00e1rio da Miseric\u00f3rdia.<\/p>\n<p>Pelo segundo ano a organiza\u00e7\u00e3o da JVF fechou parceria com o Centro de Hematologia e Hemoterapia do Cear\u00e1-Hemoce, para a coleta de bolsas de sangue e cadastro de doadores de medula \u00f3ssea. O objetivo \u00e9 sensibilizar os participantes e fidelizar as pessoas desde a sua juventude para este ato que salva vidas. A unidade m\u00f3vel do Hemoce estar\u00e1 atendendo doadores durante todo o dia, a partir das 9h.<\/p>\n<p>Para mais informa\u00e7\u00f5es clique aqui.<\/p>\n<p>Por Vanderl\u00facio Souza, da Arquidiocese de Fortaleza<\/p>\n<p style=\"text-align: justify;\">\u00a0<\/p>\n<p style=\"text-align: justify;\">Fonte: Jovens Conectados<\/p>\n","protected":false},"excerpt":{"rendered":"<p>Festa, feira e solidariedade d\u00e3o o tom da Jornada Vocacional 2016Sete shows nos dois palcos do evento, mais de trinta expositores na Feira Vocacional e parceria renovada com o Hemoce para a coleta de sangue e cadastro de doadores de medula \u00f3ssea movimentar\u00e3o a Jornada Vocacional de Fortaleza (JVF),\u00a0 que acontecer\u00e1 neste domingo, dia 28, [&hellip;]<\/p>\n","protected":false},"author":1,"featured_media":17262,"comment_status":"open","ping_status":"open","sticky":false,"template":"","format":"standard","meta":{"footnotes":""},"categories":[4],"tags":[],"class_list":["post-17263","post","type-post","status-publish","format-standard","has-post-thumbnail","hentry","category-cotidiano"],"_links":{"self":[{"href":"https:\/\/catolicanet.net\/wp-cnet\/wp-json\/wp\/v2\/posts\/17263","targetHints":{"allow":["GET"]}}],"collection":[{"href":"https:\/\/catolicanet.net\/wp-cnet\/wp-json\/wp\/v2\/posts"}],"about":[{"href":"https:\/\/catolicanet.net\/wp-cnet\/wp-json\/wp\/v2\/types\/post"}],"author":[{"embeddable":true,"href":"https:\/\/catolicanet.net\/wp-cnet\/wp-json\/wp\/v2\/users\/1"}],"replies":[{"embeddable":true,"href":"https:\/\/catolicanet.net\/wp-cnet\/wp-json\/wp\/v2\/comments?post=17263"}],"version-history":[{"count":1,"href":"https:\/\/catolicanet.net\/wp-cnet\/wp-json\/wp\/v2\/posts\/17263\/revisions"}],"predecessor-version":[{"id":25382,"href":"https:\/\/catolicanet.net\/wp-cnet\/wp-json\/wp\/v2\/posts\/17263\/revisions\/25382"}],"wp:featuredmedia":[{"embeddable":true,"href":"https:\/\/catolicanet.net\/wp-cnet\/wp-json\/wp\/v2\/media\/17262"}],"wp:attachment":[{"href":"https:\/\/catolicanet.net\/wp-cnet\/wp-json\/wp\/v2\/media?parent=17263"}],"wp:term":[{"taxonomy":"category","embeddable":true,"href":"https:\/\/catolicanet.net\/wp-cnet\/wp-json\/wp\/v2\/categories?post=17263"},{"taxonomy":"post_tag","embeddable":true,"href":"https:\/\/catolicanet.net\/wp-cnet\/wp-json\/wp\/v2\/tags?post=17263"}],"curies":[{"name":"wp","href":"https:\/\/api.w.org\/{rel}","templated":true}]}}