{"id":17261,"date":"2016-08-23T12:57:31","date_gmt":"2016-08-23T15:57:31","guid":{"rendered":"http:\/\/catolicanet.net\/wp-cnet\/2016\/08\/23\/mesa-redonda-contra-o-exterminio-de-jovens-em-juazeiro-ba\/"},"modified":"2017-05-31T09:42:30","modified_gmt":"2017-05-31T12:42:30","slug":"mesa-redonda-contra-o-exterminio-de-jovens-em-juazeiro-ba","status":"publish","type":"post","link":"https:\/\/catolicanet.net\/wp-cnet\/mesa-redonda-contra-o-exterminio-de-jovens-em-juazeiro-ba\/","title":{"rendered":"Mesa Redonda contra o Exterm\u00ednio de Jovens em Juazeiro (BA)"},"content":{"rendered":"<p style=\"text-align: justify;\"><img decoding=\"async\" src=\"http:\/\/www.catolicanet.com.br\/images\/stories\/noticias\/1407951.jpg\" border=\"0\" align=\"left\" \/>Mesa Redonda contra o Exterm\u00ednio de Jovens em Juazeiro (BA)Atos de brutalidade t\u00eam sido cada vez mais frequentes na sociedade. Segundo o Atlas da Viol\u00eancia (2015), o Brasil registrou 59.627 homic\u00eddios em 2014. O Nordeste foi a regi\u00e3o com maior \u00edndice, tendo a Bahia um aumento de 132,6%. Juazeiro, no Norte da Bahia, \u00e9 considerada uma das 20 cidades mais violentas do Estado, tendo, em m\u00e9dia, 3 homic\u00eddios por dia. No geral, os jovens (15 a 29 anos) s\u00e3o as principais v\u00edtimas, tendo um aumento de 4.415 v\u00edtimas em 1980 para 24.882 em 2012.<\/p>\n<p>Pensando nisso, em 2008 foi criada a \u2018Campanha Nacional Contra a Viol\u00eancia e o Exterm\u00ednio de Jovens\u2019, durante a 15\u00aa Assembleia Nacional das Pastorais da Juventude do Brasil. Reunidas, as quatro pastorais (Pastoral da Juventude, Pastoral da Juventude do Meio Popular, Pastoral da Juventude Rural e Pastoral da Juventude Estudantil) decidiram iniciar um trabalho com a participa\u00e7\u00e3o de outros organismos eclesiais e n\u00e3o eclesiais tendo como objetivo denunciar os altos \u00edndices de mortes de jovens e propor pol\u00edticas que alterem esta realidade (Fonte: Jovens Conectados).<\/p>\n<p>Partindo dessa iniciativa e com o objetivo, tamb\u00e9m, de discutir e planejar a\u00e7\u00f5es concretas para findar a viol\u00eancia contra jovens na cidade, ser\u00e1 realizada a \u2018Mesa Redonda contra o Exterm\u00ednio de Jovens\u2019, na cidade de Juazeiro, Bahia. Esse momento \u00e9 realizado pelo Setor Diocesano da Juventude juntamente com o Conselho de Pastoral de Juazeiro. Acontecer\u00e1 dia 24 de agosto, \u00e0s 19h30, no Brasinha, ao lado da Catedral no centro da cidade.<\/p>\n<p>A campanha est\u00e1 direcionada principalmente aos jovens \u2013 tanto aos cat\u00f3licos quanto aos membros de outras igrejas crist\u00e3s ou que n\u00e3o fazem parte do cen\u00e1rio eclesial. Mas a campanha tamb\u00e9m se dirige a toda a sociedade e aos poderes p\u00fablicos que reivindicam a\u00e7\u00f5es contra o exterm\u00ednio de jovens.\u00a0 A entrada \u00e9 gratuita.<\/p>\n<p>Por Daynara Aparecida Rodrigues Gon\u00e7alves<\/p>\n<p style=\"text-align: justify;\">\u00a0<\/p>\n<p style=\"text-align: justify;\">Fonte: Jovens Conectados<\/p>\n","protected":false},"excerpt":{"rendered":"<p>Mesa Redonda contra o Exterm\u00ednio de Jovens em Juazeiro (BA)Atos de brutalidade t\u00eam sido cada vez mais frequentes na sociedade. Segundo o Atlas da Viol\u00eancia (2015), o Brasil registrou 59.627 homic\u00eddios em 2014. O Nordeste foi a regi\u00e3o com maior \u00edndice, tendo a Bahia um aumento de 132,6%. Juazeiro, no Norte da Bahia, \u00e9 considerada [&hellip;]<\/p>\n","protected":false},"author":1,"featured_media":17260,"comment_status":"open","ping_status":"open","sticky":false,"template":"","format":"standard","meta":{"footnotes":""},"categories":[4],"tags":[],"class_list":["post-17261","post","type-post","status-publish","format-standard","has-post-thumbnail","hentry","category-cotidiano"],"_links":{"self":[{"href":"https:\/\/catolicanet.net\/wp-cnet\/wp-json\/wp\/v2\/posts\/17261","targetHints":{"allow":["GET"]}}],"collection":[{"href":"https:\/\/catolicanet.net\/wp-cnet\/wp-json\/wp\/v2\/posts"}],"about":[{"href":"https:\/\/catolicanet.net\/wp-cnet\/wp-json\/wp\/v2\/types\/post"}],"author":[{"embeddable":true,"href":"https:\/\/catolicanet.net\/wp-cnet\/wp-json\/wp\/v2\/users\/1"}],"replies":[{"embeddable":true,"href":"https:\/\/catolicanet.net\/wp-cnet\/wp-json\/wp\/v2\/comments?post=17261"}],"version-history":[{"count":1,"href":"https:\/\/catolicanet.net\/wp-cnet\/wp-json\/wp\/v2\/posts\/17261\/revisions"}],"predecessor-version":[{"id":25383,"href":"https:\/\/catolicanet.net\/wp-cnet\/wp-json\/wp\/v2\/posts\/17261\/revisions\/25383"}],"wp:featuredmedia":[{"embeddable":true,"href":"https:\/\/catolicanet.net\/wp-cnet\/wp-json\/wp\/v2\/media\/17260"}],"wp:attachment":[{"href":"https:\/\/catolicanet.net\/wp-cnet\/wp-json\/wp\/v2\/media?parent=17261"}],"wp:term":[{"taxonomy":"category","embeddable":true,"href":"https:\/\/catolicanet.net\/wp-cnet\/wp-json\/wp\/v2\/categories?post=17261"},{"taxonomy":"post_tag","embeddable":true,"href":"https:\/\/catolicanet.net\/wp-cnet\/wp-json\/wp\/v2\/tags?post=17261"}],"curies":[{"name":"wp","href":"https:\/\/api.w.org\/{rel}","templated":true}]}}