{"id":17255,"date":"2016-08-23T12:37:51","date_gmt":"2016-08-23T15:37:51","guid":{"rendered":"http:\/\/catolicanet.net\/wp-cnet\/2016\/08\/23\/coi-protesta-contra-faixa-100-jesus-de-neymar\/"},"modified":"2017-05-31T09:42:31","modified_gmt":"2017-05-31T12:42:31","slug":"coi-protesta-contra-faixa-100-jesus-de-neymar","status":"publish","type":"post","link":"https:\/\/catolicanet.net\/wp-cnet\/coi-protesta-contra-faixa-100-jesus-de-neymar\/","title":{"rendered":"COI protesta contra faixa \u201c100% Jesus\u201d de Neymar"},"content":{"rendered":"<p style=\"text-align: justify;\"><img decoding=\"async\" src=\"http:\/\/www.catolicanet.com.br\/images\/stories\/noticias\/cqzvqgewyaaf40r.jpg\" border=\"0\" align=\"left\" \/>RIO DE JANEIRO (ACI).- O comit\u00ea Ol\u00edmpico Internacional (COI) informou que mandar\u00e1 uma carta \u00e0 delega\u00e7\u00e3o brasileira por conta da faixa usada pelo jogador Neymar na entrega das medalhas ap\u00f3s a final do futebol masculino no s\u00e1bado, 20, quando o Brasil conquistou pela primeira vez o ouro ol\u00edmpico na modalidade.<\/p>\n<p>Ao subir no p\u00f3dio junto com seus companheiros de equipe, o capit\u00e3o da sele\u00e7\u00e3o brasileira usou uma faixa com a express\u00e3o \u201c100% Jesus\u201d, como vez em outras ocasi\u00f5es em que se sagrou vitorioso em algumas competi\u00e7\u00f5es.<\/p>\n<p>Entretanto, as regras do COI n\u00e3o permitem nenhum sinal pol\u00edtico, comercial ou religioso na cerim\u00f4nia de entrega de medalhas.<\/p>\n<p>O diretor-executivo da entidade internacional, Christopher Dubi, declarou ao jornal \u2018Estado de S. Paulo\u2019 que uma carta ser\u00e1 enviada \u00e0 delega\u00e7\u00e3o brasileira para protestar e relembrar os dirigentes que atos como este n\u00e3o s\u00e3o aceit\u00e1veis.<\/p>\n<p>Para o COI, a manifesta\u00e7\u00e3o religiosa de Neymar foi \u201cum deslize\u201d do craque e dos superiores que n\u00e3o o orientaram. Nesse sentido, o comit\u00ea declarou que n\u00e3o prev\u00ea nenhuma puni\u00e7\u00e3o pelo fato, algo que estragaria a imagem da entidade e da Olimp\u00edada.<\/p>\n<p>Usar a faixa \u201c100% Jesus\u201d \u00e9 um h\u00e1bito do jogador Neymar nas comemora\u00e7\u00f5es de suas conquistas, como fez em 2011 ao ganhar a Libertadores da Am\u00e9rica pelo Santos, e tamb\u00e9m em 2015, quando venceu o Campeonato Espanhol e a Liga dos Campe\u00f5es pelo Barcelona.<\/p>\n<p>Antes da partida da final ol\u00edmpica no s\u00e1bado, o pai do atleta postou uma foto do filho em diferentes ocasi\u00f5es com esta faixa, para desejar-lhe boa sorte no jogo. \u201cSonho e f\u00e9. Para voc\u00ea, filho, sempre foram a mesma coisa\u2026 Hoje voc\u00ea pode realizar um sonho usando o nome em quem sempre teve f\u00e9 (Jesus Cristo)\u201d, escreveu.<\/p>\n<p>Mas, a mesma faixa j\u00e1 gerou repercuss\u00f5es negativas em outras ocasi\u00f5es. Na premia\u00e7\u00e3o dos melhores do mundo, em janeiro de 2016, a FIFA censurou a express\u00e3o \u201c100% Jesus\u201d ao mostrar um v\u00eddeo de apresenta\u00e7\u00e3o de Neymar na cerim\u00f4nia da Bola de Ouro.<\/p>\n<p style=\"text-align: justify;\">\u00a0<\/p>\n<p style=\"text-align: justify;\">Fonte: Acidigital<\/p>\n","protected":false},"excerpt":{"rendered":"<p>RIO DE JANEIRO (ACI).- O comit\u00ea Ol\u00edmpico Internacional (COI) informou que mandar\u00e1 uma carta \u00e0 delega\u00e7\u00e3o brasileira por conta da faixa usada pelo jogador Neymar na entrega das medalhas ap\u00f3s a final do futebol masculino no s\u00e1bado, 20, quando o Brasil conquistou pela primeira vez o ouro ol\u00edmpico na modalidade. Ao subir no p\u00f3dio junto [&hellip;]<\/p>\n","protected":false},"author":1,"featured_media":17254,"comment_status":"open","ping_status":"open","sticky":false,"template":"","format":"standard","meta":{"footnotes":""},"categories":[4],"tags":[],"class_list":["post-17255","post","type-post","status-publish","format-standard","has-post-thumbnail","hentry","category-cotidiano"],"_links":{"self":[{"href":"https:\/\/catolicanet.net\/wp-cnet\/wp-json\/wp\/v2\/posts\/17255","targetHints":{"allow":["GET"]}}],"collection":[{"href":"https:\/\/catolicanet.net\/wp-cnet\/wp-json\/wp\/v2\/posts"}],"about":[{"href":"https:\/\/catolicanet.net\/wp-cnet\/wp-json\/wp\/v2\/types\/post"}],"author":[{"embeddable":true,"href":"https:\/\/catolicanet.net\/wp-cnet\/wp-json\/wp\/v2\/users\/1"}],"replies":[{"embeddable":true,"href":"https:\/\/catolicanet.net\/wp-cnet\/wp-json\/wp\/v2\/comments?post=17255"}],"version-history":[{"count":1,"href":"https:\/\/catolicanet.net\/wp-cnet\/wp-json\/wp\/v2\/posts\/17255\/revisions"}],"predecessor-version":[{"id":25385,"href":"https:\/\/catolicanet.net\/wp-cnet\/wp-json\/wp\/v2\/posts\/17255\/revisions\/25385"}],"wp:featuredmedia":[{"embeddable":true,"href":"https:\/\/catolicanet.net\/wp-cnet\/wp-json\/wp\/v2\/media\/17254"}],"wp:attachment":[{"href":"https:\/\/catolicanet.net\/wp-cnet\/wp-json\/wp\/v2\/media?parent=17255"}],"wp:term":[{"taxonomy":"category","embeddable":true,"href":"https:\/\/catolicanet.net\/wp-cnet\/wp-json\/wp\/v2\/categories?post=17255"},{"taxonomy":"post_tag","embeddable":true,"href":"https:\/\/catolicanet.net\/wp-cnet\/wp-json\/wp\/v2\/tags?post=17255"}],"curies":[{"name":"wp","href":"https:\/\/api.w.org\/{rel}","templated":true}]}}