{"id":17247,"date":"2016-08-23T12:09:08","date_gmt":"2016-08-23T15:09:08","guid":{"rendered":"http:\/\/catolicanet.net\/wp-cnet\/2016\/08\/23\/dom-geraldo-lyrio-rocha-continua-internado-na-uti\/"},"modified":"2017-05-26T15:02:21","modified_gmt":"2017-05-26T18:02:21","slug":"dom-geraldo-lyrio-rocha-continua-internado-na-uti","status":"publish","type":"post","link":"https:\/\/catolicanet.net\/wp-cnet\/dom-geraldo-lyrio-rocha-continua-internado-na-uti\/","title":{"rendered":"Dom Geraldo Lyrio Rocha continua internado na UTI"},"content":{"rendered":"<p style=\"text-align: justify;\"><img decoding=\"async\" src=\"http:\/\/www.catolicanet.com.br\/images\/stories\/bispos\/geraldolyrio.jpg\" border=\"0\" align=\"left\" \/>Arcebispo de Mariana est\u00e1 hospitalizado desde 4 de agosto<\/p>\n<p>O arcebispo de Mariana (MG), dom Geraldo Lyrio Rocha, continua internado na Unidade de Tratamento Intensivo (UTI) do Hospital Madre Teresa, em Belo Horizonte (MG). <\/p>\n<p>De acordo com comunicado divulgado pela arquidiocese de Mariana, nesta segunda-feira, 22, dom Geraldo &#8220;tem manifestado significativa melhora&#8221; e &#8220;a infec\u00e7\u00e3o est\u00e1 sendo debelada&#8221;.<\/p>\n<p>Ainda, de acordo com o texto, dom Geraldo manifestou &#8220;gratid\u00e3o pela presen\u00e7a de numerosos padres da arquidiocese de Mariana que o t\u00eam visitado&#8221; e ao arcebispo de Belo Horizonte, dom Walmor Oliveira de Azevedo, que o visitou neste domingo, 21 de agosto&#8221;.<\/p>\n<p>A arquidiocese tamb\u00e9m agradece \u201cas manifesta\u00e7\u00f5es de solidariedade e as constantes ora\u00e7\u00f5es que t\u00eam sido oferecidas pela recupera\u00e7\u00e3o da sa\u00fade do arcebispo\u201d.<\/p>\n<p>Com informa\u00e7\u00f5es da arquidiocese de Mariana<\/p>\n<p style=\"text-align: justify;\">\u00a0<\/p>\n<p style=\"text-align: justify;\">Fonte: CNBB<\/p>\n","protected":false},"excerpt":{"rendered":"<p>Arcebispo de Mariana est\u00e1 hospitalizado desde 4 de agosto O arcebispo de Mariana (MG), dom Geraldo Lyrio Rocha, continua internado na Unidade de Tratamento Intensivo (UTI) do Hospital Madre Teresa, em Belo Horizonte (MG). De acordo com comunicado divulgado pela arquidiocese de Mariana, nesta segunda-feira, 22, dom Geraldo &#8220;tem manifestado significativa melhora&#8221; e &#8220;a infec\u00e7\u00e3o [&hellip;]<\/p>\n","protected":false},"author":1,"featured_media":16852,"comment_status":"open","ping_status":"open","sticky":false,"template":"","format":"standard","meta":{"footnotes":""},"categories":[7],"tags":[],"class_list":["post-17247","post","type-post","status-publish","format-standard","has-post-thumbnail","hentry","category-cnbb"],"_links":{"self":[{"href":"https:\/\/catolicanet.net\/wp-cnet\/wp-json\/wp\/v2\/posts\/17247","targetHints":{"allow":["GET"]}}],"collection":[{"href":"https:\/\/catolicanet.net\/wp-cnet\/wp-json\/wp\/v2\/posts"}],"about":[{"href":"https:\/\/catolicanet.net\/wp-cnet\/wp-json\/wp\/v2\/types\/post"}],"author":[{"embeddable":true,"href":"https:\/\/catolicanet.net\/wp-cnet\/wp-json\/wp\/v2\/users\/1"}],"replies":[{"embeddable":true,"href":"https:\/\/catolicanet.net\/wp-cnet\/wp-json\/wp\/v2\/comments?post=17247"}],"version-history":[{"count":1,"href":"https:\/\/catolicanet.net\/wp-cnet\/wp-json\/wp\/v2\/posts\/17247\/revisions"}],"predecessor-version":[{"id":23483,"href":"https:\/\/catolicanet.net\/wp-cnet\/wp-json\/wp\/v2\/posts\/17247\/revisions\/23483"}],"wp:featuredmedia":[{"embeddable":true,"href":"https:\/\/catolicanet.net\/wp-cnet\/wp-json\/wp\/v2\/media\/16852"}],"wp:attachment":[{"href":"https:\/\/catolicanet.net\/wp-cnet\/wp-json\/wp\/v2\/media?parent=17247"}],"wp:term":[{"taxonomy":"category","embeddable":true,"href":"https:\/\/catolicanet.net\/wp-cnet\/wp-json\/wp\/v2\/categories?post=17247"},{"taxonomy":"post_tag","embeddable":true,"href":"https:\/\/catolicanet.net\/wp-cnet\/wp-json\/wp\/v2\/tags?post=17247"}],"curies":[{"name":"wp","href":"https:\/\/api.w.org\/{rel}","templated":true}]}}