{"id":17246,"date":"2016-08-23T12:05:39","date_gmt":"2016-08-23T15:05:39","guid":{"rendered":"http:\/\/catolicanet.net\/wp-cnet\/2016\/08\/23\/dom-helder-morria-ha-17-anos\/"},"modified":"2017-05-08T09:26:04","modified_gmt":"2017-05-08T12:26:04","slug":"dom-helder-morria-ha-17-anos","status":"publish","type":"post","link":"https:\/\/catolicanet.net\/wp-cnet\/dom-helder-morria-ha-17-anos\/","title":{"rendered":"Dom Helder morria h\u00e1 17 anos"},"content":{"rendered":"<p style=\"text-align: justify;\">Declarado Servo de Deus pelo Papa Francisco em 2015, Dom Helder foi chamado ao seio do Pai aos 27 de agosto de 1999, ap\u00f3s completar noventa anos, vividos e bem vividos. Celebrava a missa lentamente, com toda a simplicidade, como se estivesse conversando com o Cristo, a Virgem, os santos. &#8220;Cada manh\u00e3, ao fim da missa, eu contemplo o mundo com a alma de um colegial em f\u00e9rias e tenho vontade de gritar \u00e0queles que se esgotam na agita\u00e7\u00e3o da vida cotidiana: Irm\u00e3os, hoje \u00e9 feriado universal&#8221;. O Pe. Jo\u00e3o Carlos Ribeiro (Salesiano) assim asseverou: &#8220;Havia tanta emo\u00e7\u00e3o nas palavras da consagra\u00e7\u00e3o que o vimos muitas vezes chorando, ao celebrar a Missa, e sempre repetia com toda a convic\u00e7\u00e3o de que o verdadeiro celebrante da Missa \u00e9 Nosso Senhor Jesus Cristo&#8221;.<br \/>Dom Helder foi um articulador; na melhor express\u00e3o da palavra, um conspirador, pensando no bem, com suas iniciativas compartilhadas por muita gente da Igreja, desejando fazer com que a Igreja institui\u00e7\u00e3o se comprometesse e se engajasse na causa dos empobrecidos, identificando-se com seu fundador e mestre, Nosso Senhor Jesus Cristo. Pensava e desejava ele uma Igreja despojada, pobre e mais servidora. Da\u00ed o &#8220;Pacto das Catacumbas&#8221;, de 16 de novembro de 1965, que foi uma excelente oportunidade para os bispos pensarem e refletirem sobre eles mesmos, no sentido de fazer uma experi\u00eancia de vida, na simplicidade e na pobreza, numa Igreja encarnada na realidade, comprometida com o povo, renunciando \u00e0s apar\u00eancias de riqueza, dizendo n\u00e3o \u00e0s vaidades, consciente da justi\u00e7a e da caridade, atrav\u00e9s desse documento salutar e desafiador.<br \/>No seu sonho em favor de uma Igreja restaurada e renovada no amor, dentro do esp\u00edrito do Conc\u00edlio Vaticano II, na feliz iniciativa do referido Pacto das Catacumbas, Dom Helder foi de tal modo concreto que, numa sugest\u00e3o filial quanto prof\u00e9tica, assim se expressou ao Santo Padre, Papa Paulo VI: &#8220;Santo Padre, abandone seu t\u00edtulo de rei e vamos reconstruir a Igreja como nosso Mestre, sendo pobres. Deixe os pal\u00e1cios do Vaticano, v\u00e1 morar numa casa, na periferia de Roma. Pode at\u00e9 ter uma pra\u00e7a para saudar e aben\u00e7oar as ovelhas. Depois, Santo Padre, convide a todos os bispos a largarem tudo o que indica poder, majestade: b\u00e1culos, solid\u00e9us, mitras, faixas peitorais, batinas roxas. Vamos amontoar tudo na Pra\u00e7a de S\u00e3o Pedro e fazer uma grande fogueira, dizendo de peito aberto para o povo: \u2018Vejam, n\u00e3o somos mais pr\u00edncipes medievais. N\u00e3o moramos mais em pal\u00e1cios. Todos somos pastores, somos pobres, somos irm\u00e3os\u2019&#8221;.<br \/>Nada melhor do que elevar preces ao bom Deus, guardando na mente e no cora\u00e7\u00e3o alguns pensamentos do pastor dos empobrecidos, no ardente desejo de v\u00ea-lo santo da nossa Igreja: &#8220;\u00c9 gra\u00e7a divina come\u00e7ar bem, gra\u00e7a maior \u00e9 persistir na caminhada, mas a gra\u00e7a das gra\u00e7as \u00e9 n\u00e3o desistir nunca&#8221;; &#8220;A maneira de ajudar os outros \u00e9 provar-lhes que eles s\u00e3o capazes&#8221;; &#8220;N\u00e3o h\u00e1 penit\u00eancia melhor do que aquela que Deus coloca em nosso caminho todos os dias&#8221;; &#8220;O verdadeiro cristianismo rejeita a ideia de que uns nascem pobres e outros ricos, e que os pobres devem atribuir a sua pobreza \u00e0 vontade de Deus&#8221;; &#8220;Eu queria ser uma po\u00e7a d\u2019\u00e1gua para refletir o c\u00e9u&#8221;; &#8220;Quem me dera ser leal, discreto e silencioso como a minha sombra&#8221;. Assim seja!<\/p>\n","protected":false},"excerpt":{"rendered":"<p>Declarado Servo de Deus pelo Papa Francisco em 2015, Dom Helder foi chamado ao seio do Pai aos 27 de agosto de 1999, ap\u00f3s completar noventa anos, vividos e bem vividos. Celebrava a missa lentamente, com toda a simplicidade, como se estivesse conversando com o Cristo, a Virgem, os santos. &#8220;Cada manh\u00e3, ao fim da [&hellip;]<\/p>\n","protected":false},"author":6,"featured_media":0,"comment_status":"open","ping_status":"open","sticky":false,"template":"","format":"standard","meta":{"footnotes":""},"categories":[9],"tags":[],"class_list":["post-17246","post","type-post","status-publish","format-standard","hentry","category-artigos"],"_links":{"self":[{"href":"https:\/\/catolicanet.net\/wp-cnet\/wp-json\/wp\/v2\/posts\/17246","targetHints":{"allow":["GET"]}}],"collection":[{"href":"https:\/\/catolicanet.net\/wp-cnet\/wp-json\/wp\/v2\/posts"}],"about":[{"href":"https:\/\/catolicanet.net\/wp-cnet\/wp-json\/wp\/v2\/types\/post"}],"author":[{"embeddable":true,"href":"https:\/\/catolicanet.net\/wp-cnet\/wp-json\/wp\/v2\/users\/6"}],"replies":[{"embeddable":true,"href":"https:\/\/catolicanet.net\/wp-cnet\/wp-json\/wp\/v2\/comments?post=17246"}],"version-history":[{"count":1,"href":"https:\/\/catolicanet.net\/wp-cnet\/wp-json\/wp\/v2\/posts\/17246\/revisions"}],"predecessor-version":[{"id":21366,"href":"https:\/\/catolicanet.net\/wp-cnet\/wp-json\/wp\/v2\/posts\/17246\/revisions\/21366"}],"wp:attachment":[{"href":"https:\/\/catolicanet.net\/wp-cnet\/wp-json\/wp\/v2\/media?parent=17246"}],"wp:term":[{"taxonomy":"category","embeddable":true,"href":"https:\/\/catolicanet.net\/wp-cnet\/wp-json\/wp\/v2\/categories?post=17246"},{"taxonomy":"post_tag","embeddable":true,"href":"https:\/\/catolicanet.net\/wp-cnet\/wp-json\/wp\/v2\/tags?post=17246"}],"curies":[{"name":"wp","href":"https:\/\/api.w.org\/{rel}","templated":true}]}}