{"id":17228,"date":"2016-08-22T17:36:38","date_gmt":"2016-08-22T20:36:38","guid":{"rendered":"http:\/\/catolicanet.net\/wp-cnet\/2016\/08\/22\/incendios-caritas-visitou-sao-pedro-do-sul\/"},"modified":"2017-05-31T09:42:37","modified_gmt":"2017-05-31T12:42:37","slug":"incendios-caritas-visitou-sao-pedro-do-sul","status":"publish","type":"post","link":"https:\/\/catolicanet.net\/wp-cnet\/incendios-caritas-visitou-sao-pedro-do-sul\/","title":{"rendered":"Inc\u00eandios: C\u00e1ritas visitou S\u00e3o Pedro do Sul"},"content":{"rendered":"<p style=\"text-align: justify;\"><img decoding=\"async\" src=\"http:\/\/www.catolicanet.com.br\/images\/stories\/noticias\/incendio_spedro.jpg\" border=\"0\" align=\"left\" \/>Organiza\u00e7\u00e3o cat\u00f3lica foi conhecer impacto do inc\u00eandio que atingiu o concelho<\/p>\n<p>Lisboa, 22 ago 2016 (Ecclesia) &#8211; Uma delega\u00e7\u00e3o da C\u00e1ritas Portuguesa e da C\u00e1ritas Diocesana de Viseu visitou o Munic\u00edpio de S\u00e3o Pedro do Sul, com o objetivo de conhecer o impacto do inc\u00eandio que consumiu mais de um ter\u00e7o do concelho junto das popula\u00e7\u00f5es.<\/p>\n<p>Eug\u00e9nio Fonseca, presidente da C\u00e1ritas Portuguesa, reconheceu a import\u00e2ncia de uma &#8220;resposta r\u00e1pida com articula\u00e7\u00e3o dos governos locais&#8221; e alertou que a quest\u00e3o da alimenta\u00e7\u00e3o dos animais tem que ser apoiada urgentemente, adianta a organiza\u00e7\u00e3o cat\u00f3lica, em comunicado divulgado na internet.<\/p>\n<p>A reuni\u00e3o na C\u00e2mara Municipal de S\u00e3o Pedro do Sul teve lugar esta sexta-feira, com a presen\u00e7a do presidente do munic\u00edpio, V\u00edtor Figueiredo, o qual deu a conhecer a dimens\u00e3o do territ\u00f3rio destru\u00eddo, bem como as principais necessidades de interven\u00e7\u00e3o junto da popula\u00e7\u00e3o, \u201csobretudo na reconstru\u00e7\u00e3o de algumas infraestruturas e em meios de subsist\u00eancia das muitas pessoas que vivem da cria\u00e7\u00e3o de gado\u201d.<\/p>\n<p>Eug\u00e9nio Fonseca defende que \u00e9 necess\u00e1rio \u201ccome\u00e7ar j\u00e1 a reconstruir o que for mais incisivo para a subsist\u00eancia das pessoas\u201d.<\/p>\n<p>\u201c\u00c9 um dever nosso, pois j\u00e1 basta o sofrimento que est\u00e3o a viver. Se formos capazes de ser diligentes, esse sofrimento pode ser minorado, e os portugueses que tanta ajuda t\u00eam dado poder\u00e3o ficar mais cientes de que a solidariedade vale sempre a pena e com a certeza de que n\u00e3o se fica por impulsos de protagonismo de qualquer ordem&#8221;, precisou.<\/p>\n<p>A C\u00e1ritas visitou tamb\u00e9m as duas corpora\u00e7\u00f5es locais de bombeiros, os Bombeiros Volunt\u00e1rios de S\u00e3o Pedro do Sul e o Corpo Volunt\u00e1rio de Salva\u00e7\u00e3o P\u00fablica de S\u00e3o Pedro do Sul.<\/p>\n<p>A organiza\u00e7\u00e3o cat\u00f3lica de solidariedade abriu a conta CGD designada &#8220;C\u00e1ritas Ajuda as V\u00edtimas dos Inc\u00eandios em Portugal&#8221;, com o IBAN &#8211; PT50 0035 0697 0059 7240130 28.<\/p>\n<p>Neste ver\u00e3o registam-se mais de 150 casas destru\u00eddas em todo o pa\u00eds e cerca de 1000 pessoas desalojadas, sobretudo nas dioceses do Aveiro, Funchal e Viseu.<\/p>\n<p style=\"text-align: justify;\">\u00a0<\/p>\n<p style=\"text-align: justify;\">Fonte: Ag\u00eancia Ecclesia<\/p>\n","protected":false},"excerpt":{"rendered":"<p>Organiza\u00e7\u00e3o cat\u00f3lica foi conhecer impacto do inc\u00eandio que atingiu o concelho Lisboa, 22 ago 2016 (Ecclesia) &#8211; Uma delega\u00e7\u00e3o da C\u00e1ritas Portuguesa e da C\u00e1ritas Diocesana de Viseu visitou o Munic\u00edpio de S\u00e3o Pedro do Sul, com o objetivo de conhecer o impacto do inc\u00eandio que consumiu mais de um ter\u00e7o do concelho junto das [&hellip;]<\/p>\n","protected":false},"author":1,"featured_media":17227,"comment_status":"open","ping_status":"open","sticky":false,"template":"","format":"standard","meta":{"footnotes":""},"categories":[4],"tags":[],"class_list":["post-17228","post","type-post","status-publish","format-standard","has-post-thumbnail","hentry","category-cotidiano"],"_links":{"self":[{"href":"https:\/\/catolicanet.net\/wp-cnet\/wp-json\/wp\/v2\/posts\/17228","targetHints":{"allow":["GET"]}}],"collection":[{"href":"https:\/\/catolicanet.net\/wp-cnet\/wp-json\/wp\/v2\/posts"}],"about":[{"href":"https:\/\/catolicanet.net\/wp-cnet\/wp-json\/wp\/v2\/types\/post"}],"author":[{"embeddable":true,"href":"https:\/\/catolicanet.net\/wp-cnet\/wp-json\/wp\/v2\/users\/1"}],"replies":[{"embeddable":true,"href":"https:\/\/catolicanet.net\/wp-cnet\/wp-json\/wp\/v2\/comments?post=17228"}],"version-history":[{"count":1,"href":"https:\/\/catolicanet.net\/wp-cnet\/wp-json\/wp\/v2\/posts\/17228\/revisions"}],"predecessor-version":[{"id":25392,"href":"https:\/\/catolicanet.net\/wp-cnet\/wp-json\/wp\/v2\/posts\/17228\/revisions\/25392"}],"wp:featuredmedia":[{"embeddable":true,"href":"https:\/\/catolicanet.net\/wp-cnet\/wp-json\/wp\/v2\/media\/17227"}],"wp:attachment":[{"href":"https:\/\/catolicanet.net\/wp-cnet\/wp-json\/wp\/v2\/media?parent=17228"}],"wp:term":[{"taxonomy":"category","embeddable":true,"href":"https:\/\/catolicanet.net\/wp-cnet\/wp-json\/wp\/v2\/categories?post=17228"},{"taxonomy":"post_tag","embeddable":true,"href":"https:\/\/catolicanet.net\/wp-cnet\/wp-json\/wp\/v2\/tags?post=17228"}],"curies":[{"name":"wp","href":"https:\/\/api.w.org\/{rel}","templated":true}]}}