{"id":17226,"date":"2016-08-22T17:32:04","date_gmt":"2016-08-22T20:32:04","guid":{"rendered":"http:\/\/catolicanet.net\/wp-cnet\/2016\/08\/22\/cen-qum-marco-na-historia-da-igreja-na-amazonia\/"},"modified":"2017-06-02T10:04:29","modified_gmt":"2017-06-02T13:04:29","slug":"cen-qum-marco-na-historia-da-igreja-na-amazonia","status":"publish","type":"post","link":"https:\/\/catolicanet.net\/wp-cnet\/cen-qum-marco-na-historia-da-igreja-na-amazonia\/","title":{"rendered":"CEN: &#8220;Um marco na hist\u00f3ria da Igreja na Amaz\u00f4nia\u201d"},"content":{"rendered":"<p style=\"text-align: justify;\"><img decoding=\"async\" src=\"http:\/\/www.catolicanet.com.br\/images\/stories\/noticias\/rv18541_articolo.jpg\" border=\"0\" align=\"left\" \/>\u201cUm marco em nossa hist\u00f3ria da Igreja na Amaz\u00f4nia\u201d: assim est\u00e1 sendo interpretado o Congresso Eucar\u00edstico Nacional encerrado domingo (21\/08) em Bel\u00e9m.<\/p>\n<p>Com uma participa\u00e7\u00e3o de meio milh\u00e3o de pessoas, segundo estimativas das autoridades locais, o evento foi presenteado tamb\u00e9m com uma<a href=\"http:\/\/br.radiovaticana.va\/news\/2016\/08\/20\/f%C3%A9,_ora%C3%A7%C3%A3o_e_caridade_a_carta_do_papa_ao_cen\/1252591\"> mensagem<\/a> do Papa Francisco.<\/p>\n<p>Em sua homilia, na conclus\u00e3o, o legado pontif\u00edcio, Dom Cl\u00e1udio Hummes, ressaltou a doutrina e o pensamento da Igreja e dos Papas \u201ce isso fez arder nossos cora\u00e7\u00f5es como os disc\u00edpulos de Ema\u00fas\u201d, afirma o bispo auxiliar de Bel\u00e9m, Dom Irineu Roman.<\/p>\n<p>Durante o Congresso foram trabalhados diversos temas atrav\u00e9s das catequeses proferidas pelos cardeais e bispos presentes, tais como: crian\u00e7as e catequese infantil; evangeliza\u00e7\u00e3o; caridade; o mist\u00e9rio do sofrimento,\u00a0 enfermos; fam\u00edlia;\u00a0 juventude; e Maria, mulher Eucar\u00edstica, pois o tema e o lema do Congresso eram &#8220;Eucaristia e partilha na Amaz\u00f4nia mission\u00e1ria&#8221; e &#8220;Eles o reconheceram no partir o p\u00e3o&#8221;.<\/p>\n<p><a href=\"http:\/\/www.catolicanet.com.br\/CEN: \" marco=\"marco\" na=\"na\" hist\u00f3ria=\"hist\u00f3ria\" da=\"da\" Igreja=\"Igreja\" na=\"na\" Amaz\u00f4nia\u201d\"=\"Amaz\u00f4nia\u201d\"\">Dom Irineu Roman falou com a RV, direto de Bel\u00e9m. Ou\u00e7a aqui:<\/a><\/p>\n<p style=\"text-align: justify;\">Fonte: R\u00e1dio Vaticano<\/p>\n","protected":false},"excerpt":{"rendered":"<p>\u201cUm marco em nossa hist\u00f3ria da Igreja na Amaz\u00f4nia\u201d: assim est\u00e1 sendo interpretado o Congresso Eucar\u00edstico Nacional encerrado domingo (21\/08) em Bel\u00e9m. Com uma participa\u00e7\u00e3o de meio milh\u00e3o de pessoas, segundo estimativas das autoridades locais, o evento foi presenteado tamb\u00e9m com uma mensagem do Papa Francisco. Em sua homilia, na conclus\u00e3o, o legado pontif\u00edcio, Dom [&hellip;]<\/p>\n","protected":false},"author":1,"featured_media":17159,"comment_status":"open","ping_status":"open","sticky":false,"template":"","format":"standard","meta":{"footnotes":""},"categories":[3],"tags":[],"class_list":["post-17226","post","type-post","status-publish","format-standard","has-post-thumbnail","hentry","category-vaticano"],"_links":{"self":[{"href":"https:\/\/catolicanet.net\/wp-cnet\/wp-json\/wp\/v2\/posts\/17226","targetHints":{"allow":["GET"]}}],"collection":[{"href":"https:\/\/catolicanet.net\/wp-cnet\/wp-json\/wp\/v2\/posts"}],"about":[{"href":"https:\/\/catolicanet.net\/wp-cnet\/wp-json\/wp\/v2\/types\/post"}],"author":[{"embeddable":true,"href":"https:\/\/catolicanet.net\/wp-cnet\/wp-json\/wp\/v2\/users\/1"}],"replies":[{"embeddable":true,"href":"https:\/\/catolicanet.net\/wp-cnet\/wp-json\/wp\/v2\/comments?post=17226"}],"version-history":[{"count":1,"href":"https:\/\/catolicanet.net\/wp-cnet\/wp-json\/wp\/v2\/posts\/17226\/revisions"}],"predecessor-version":[{"id":27783,"href":"https:\/\/catolicanet.net\/wp-cnet\/wp-json\/wp\/v2\/posts\/17226\/revisions\/27783"}],"wp:featuredmedia":[{"embeddable":true,"href":"https:\/\/catolicanet.net\/wp-cnet\/wp-json\/wp\/v2\/media\/17159"}],"wp:attachment":[{"href":"https:\/\/catolicanet.net\/wp-cnet\/wp-json\/wp\/v2\/media?parent=17226"}],"wp:term":[{"taxonomy":"category","embeddable":true,"href":"https:\/\/catolicanet.net\/wp-cnet\/wp-json\/wp\/v2\/categories?post=17226"},{"taxonomy":"post_tag","embeddable":true,"href":"https:\/\/catolicanet.net\/wp-cnet\/wp-json\/wp\/v2\/tags?post=17226"}],"curies":[{"name":"wp","href":"https:\/\/api.w.org\/{rel}","templated":true}]}}