{"id":17225,"date":"2016-08-22T17:23:23","date_gmt":"2016-08-22T20:23:23","guid":{"rendered":"http:\/\/catolicanet.net\/wp-cnet\/2016\/08\/22\/jovens-vao-debater-desenvolvimento-sustentavel-no-vaticano\/"},"modified":"2017-06-02T11:04:17","modified_gmt":"2017-06-02T14:04:17","slug":"jovens-vao-debater-desenvolvimento-sustentavel-no-vaticano","status":"publish","type":"post","link":"https:\/\/catolicanet.net\/wp-cnet\/jovens-vao-debater-desenvolvimento-sustentavel-no-vaticano\/","title":{"rendered":"Jovens v\u00e3o debater Desenvolvimento Sustent\u00e1vel no Vaticano"},"content":{"rendered":"<p style=\"text-align: justify;\"><img decoding=\"async\" src=\"http:\/\/www.catolicanet.com.br\/images\/stories\/papas\/ossrom11765_articolo.jpg\" border=\"0\" align=\"left\" \/>Cidade do Vaticano (RV) \u2013 A Pontif\u00edcia Academia de Ci\u00eancias Sociais vai receber, nos dias 30 e 31 de outubro, jovens do mundo inteiro que v\u00e3o partilhar experi\u00eancias sobre tecnologia, pol\u00edtica, economia e cultura.\u00a0 <\/p>\n<p>Na base dos debates estar\u00e3o os <a href=\"http:\/\/www.unmultimedia.org\/radio\/portuguese\/conheca-os-novos-objetivos-de-desenvolvimento-sustentavel\/\">Objetivos de Desenvolvimento Sustent\u00e1vel<\/a> promovidos pela ONU, em particular nos itens n\u00b04 (instru\u00e7\u00e3o de qualidade) e n\u00b08 (trabalho digno e crescimento econ\u00f4mico).<\/p>\n<p style=\"text-align: justify;\">\u00a0<\/p>\n<p style=\"text-align: justify;\">\u00a0<\/p>\n<p style=\"text-align: justify;\"><a href=\"http:\/\/media02.radiovaticana.va\/audio\/audio2\/mp3\/00544817.mp3\">Clique aqui para ouvir.<\/a><\/p>\n<p style=\"text-align: justify;\">\u00a0<\/p>\n<p style=\"text-align: justify;\">Neste \u00faltimo ponto, os participantes se concentrar\u00e3o no item: &#8220;criar medidas imediatas e eficazes para erradicar o trabalho for\u00e7ado; erradica\u00e7\u00e3o da escravid\u00e3o moderna e tr\u00e1fico de seres humanos; proibi\u00e7\u00e3o e elimina\u00e7\u00e3o das piores formas de trabalho infantil, incluindo o recrutamento crian\u00e7as-soldados; e at\u00e9 2025 erradicar o trabalho infantil em todas as suas formas\u201d.<\/p>\n<p>Inscri\u00e7\u00e3o<\/p>\n<p>Os pedidos de inscri\u00e7\u00e3o podem ser apresentados at\u00e9 30 de agosto por e-mail. Participar\u00e3o cerca de 50 jovens de todo o mundo, entre 18 e 30 anos de idade.<\/p>\n<p>Durante o encontro, os participantes ir\u00e3o apresentar projetos e iniciativas. Dois projetos ser\u00e3o escolhidos como a melhor express\u00e3o do evento e ser\u00e3o promovidos pela Pontif\u00edcia Academia das Ci\u00eancias Sociais na Confer\u00eancia da <a href=\"http:\/\/climate-l.iisd.org\/events\/unfccc-cop-22\">COP22.<\/a><\/p>\n<p>Em 2017, a iniciativa vaticana ser\u00e1 repetida para estudar o resultado e as consequ\u00eancias desta primeira reuni\u00e3o.<\/p>\n<p>Agenda 2030<\/p>\n<p>A Agenda 2030 para o Desenvolvimento Sustent\u00e1vel \u00e9 um programa de a\u00e7\u00e3o assinado em setembro de 2015 pelos governos dos 193 pa\u00edses membros da ONU.<\/p>\n<p>Ela engloba 17 metas para o Desenvolvimento Sustent\u00e1vel em um programa de a\u00e7\u00e3o com um total de 169 metas ou objetivos. O lan\u00e7amento oficial dos Objetivos para o Desenvolvimento Sustent\u00e1vel coincidiu com o in\u00edcio de 2016, guiando o mundo para os pr\u00f3ximos 15 anos: os pa\u00edses se comprometeram a atingir as metas at\u00e9 2030.<\/p>\n<p>Os Objetivos de Desenvolvimento d\u00e3o continuidade nos Objetivos de Desenvolvimento do Mil\u00eanio, que os precederam e s\u00e3o metas comuns a um conjunto de quest\u00f5es importantes para o desenvolvimento: a luta contra a pobreza, a elimina\u00e7\u00e3o da fome e combate \u00e0s mudan\u00e7as clim\u00e1ticas, para citar apenas alguns.<\/p>\n<p>&#8220;Objetivos comuns&#8221; significa que eles se aplicam a todos os pa\u00edses e todos os indiv\u00edduos: ningu\u00e9m est\u00e1 exclu\u00eddo, nem deve ser deixado para tr\u00e1s ao longo do caminho, \u00e9 necess\u00e1rio levar o mundo nesse caminho sustent\u00e1vel.<\/p>\n<p style=\"text-align: justify;\">\u00a0<\/p>\n<p style=\"text-align: justify;\">Fonte: R\u00e1dio Vaticano<\/p>\n","protected":false},"excerpt":{"rendered":"<p>Cidade do Vaticano (RV) \u2013 A Pontif\u00edcia Academia de Ci\u00eancias Sociais vai receber, nos dias 30 e 31 de outubro, jovens do mundo inteiro que v\u00e3o partilhar experi\u00eancias sobre tecnologia, pol\u00edtica, economia e cultura.\u00a0 Na base dos debates estar\u00e3o os Objetivos de Desenvolvimento Sustent\u00e1vel promovidos pela ONU, em particular nos itens n\u00b04 (instru\u00e7\u00e3o de qualidade) [&hellip;]<\/p>\n","protected":false},"author":1,"featured_media":17224,"comment_status":"open","ping_status":"open","sticky":false,"template":"","format":"standard","meta":{"footnotes":""},"categories":[3],"tags":[],"class_list":["post-17225","post","type-post","status-publish","format-standard","has-post-thumbnail","hentry","category-vaticano"],"_links":{"self":[{"href":"https:\/\/catolicanet.net\/wp-cnet\/wp-json\/wp\/v2\/posts\/17225","targetHints":{"allow":["GET"]}}],"collection":[{"href":"https:\/\/catolicanet.net\/wp-cnet\/wp-json\/wp\/v2\/posts"}],"about":[{"href":"https:\/\/catolicanet.net\/wp-cnet\/wp-json\/wp\/v2\/types\/post"}],"author":[{"embeddable":true,"href":"https:\/\/catolicanet.net\/wp-cnet\/wp-json\/wp\/v2\/users\/1"}],"replies":[{"embeddable":true,"href":"https:\/\/catolicanet.net\/wp-cnet\/wp-json\/wp\/v2\/comments?post=17225"}],"version-history":[{"count":1,"href":"https:\/\/catolicanet.net\/wp-cnet\/wp-json\/wp\/v2\/posts\/17225\/revisions"}],"predecessor-version":[{"id":28066,"href":"https:\/\/catolicanet.net\/wp-cnet\/wp-json\/wp\/v2\/posts\/17225\/revisions\/28066"}],"wp:featuredmedia":[{"embeddable":true,"href":"https:\/\/catolicanet.net\/wp-cnet\/wp-json\/wp\/v2\/media\/17224"}],"wp:attachment":[{"href":"https:\/\/catolicanet.net\/wp-cnet\/wp-json\/wp\/v2\/media?parent=17225"}],"wp:term":[{"taxonomy":"category","embeddable":true,"href":"https:\/\/catolicanet.net\/wp-cnet\/wp-json\/wp\/v2\/categories?post=17225"},{"taxonomy":"post_tag","embeddable":true,"href":"https:\/\/catolicanet.net\/wp-cnet\/wp-json\/wp\/v2\/tags?post=17225"}],"curies":[{"name":"wp","href":"https:\/\/api.w.org\/{rel}","templated":true}]}}