{"id":17215,"date":"2016-08-22T14:53:59","date_gmt":"2016-08-22T17:53:59","guid":{"rendered":"http:\/\/catolicanet.net\/wp-cnet\/2016\/08\/22\/futebol-roma-e-san-lorenzo-farao-amistoso-para-o-jubileu\/"},"modified":"2017-06-02T10:55:14","modified_gmt":"2017-06-02T13:55:14","slug":"futebol-roma-e-san-lorenzo-farao-amistoso-para-o-jubileu","status":"publish","type":"post","link":"https:\/\/catolicanet.net\/wp-cnet\/futebol-roma-e-san-lorenzo-farao-amistoso-para-o-jubileu\/","title":{"rendered":"Futebol: Roma e San Lorenzo far\u00e3o amistoso para o Jubileu"},"content":{"rendered":"<p style=\"text-align: justify;\"><img decoding=\"async\" src=\"http:\/\/www.catolicanet.com.br\/images\/stories\/noticias\/rv18599_articolo.jpg\" border=\"0\" align=\"left\" \/>Roma (RV) \u2013 O time da <a href=\"http:\/\/www.asroma.com\/it\">Roma<\/a> anunciou oficialmente que vai jogar um amistoso com o San Lorenzo, do qual o Papa Francisco \u00e9 torcedor:<\/p>\n<p>\u201cNo dia 3 de setembro, na Festa da Fam\u00edlia organizada pelo clube com o patroc\u00ednio do Pontif\u00edcio Conselho da Nova Evangeliza\u00e7\u00e3o, e no \u00e2mbito dos eventos para o Jubileu da Miseric\u00f3rdia, a Roma vai disputar uma partida amistosa com o Clube Atl\u00e9tico San Lorenzo de Almagro\u201d.<\/p>\n<p style=\"text-align: justify;\">\u00a0<\/p>\n<p style=\"text-align: justify;\">\u00a0<\/p>\n<p style=\"text-align: justify;\"><a href=\"http:\/\/media02.radiovaticana.va\/audio\/audio2\/mp3\/00544762.mp3\">Clique aqui para ouvir.<\/a><\/p>\n<p style=\"text-align: justify;\">\u00a0<\/p>\n<p style=\"text-align: justify;\">A nota do time da capital italiana continua:<\/p>\n<p>\u201cNesta exibi\u00e7\u00e3o especial, a camiseta amarela e vermelha da Roma ter\u00e1 o <a href=\"http:\/\/www.iubilaeummisericordiae.va\/content\/gdm\/pt\/giubileo\/logo.html\">logotipo do Jubileu da Miseric\u00f3rdia.<\/a> O amistoso, programado para o Est\u00e1dio Ol\u00edmpico \u00e0s 18h (hor\u00e1rio local), vai encerrar um dia de entretenimento, rica de iniciativas para crian\u00e7as e fam\u00edlias. Com o evento, a Associa\u00e7\u00e3o Esportiva Roma quer honrar este momento hist\u00f3rico \u00fanico, contribuindo na realiza\u00e7\u00e3o de gestos concretos de Miseric\u00f3rdia, assim como deseja o Papa neste Jubileu\u201d.<\/p>\n<p>Ingresso gr\u00e1tis para menores de 12 anos<\/p>\n<p>Ao longo do dia 3, no Est\u00e1dio e em toda a \u00e1rea do Foro It\u00e1lico, ser\u00e3o organizadas atividades l\u00fadicas para ressaltar o valor do esporte e da fam\u00edlia. O Clube oferecer\u00e1 acesso gratuito ao evento aos menores de 12 anos que retirarem seus ingressos nos pontos de venda da Roma e em bilheterias espec\u00edficas da cidade.<\/p>\n<p style=\"text-align: justify;\">\u00a0<\/p>\n<p style=\"text-align: justify;\">Fonte: R\u00e1dio Vaticano<\/p>\n","protected":false},"excerpt":{"rendered":"<p>Roma (RV) \u2013 O time da Roma anunciou oficialmente que vai jogar um amistoso com o San Lorenzo, do qual o Papa Francisco \u00e9 torcedor: \u201cNo dia 3 de setembro, na Festa da Fam\u00edlia organizada pelo clube com o patroc\u00ednio do Pontif\u00edcio Conselho da Nova Evangeliza\u00e7\u00e3o, e no \u00e2mbito dos eventos para o Jubileu da [&hellip;]<\/p>\n","protected":false},"author":1,"featured_media":17214,"comment_status":"open","ping_status":"open","sticky":false,"template":"","format":"standard","meta":{"footnotes":""},"categories":[3],"tags":[],"class_list":["post-17215","post","type-post","status-publish","format-standard","has-post-thumbnail","hentry","category-vaticano"],"_links":{"self":[{"href":"https:\/\/catolicanet.net\/wp-cnet\/wp-json\/wp\/v2\/posts\/17215","targetHints":{"allow":["GET"]}}],"collection":[{"href":"https:\/\/catolicanet.net\/wp-cnet\/wp-json\/wp\/v2\/posts"}],"about":[{"href":"https:\/\/catolicanet.net\/wp-cnet\/wp-json\/wp\/v2\/types\/post"}],"author":[{"embeddable":true,"href":"https:\/\/catolicanet.net\/wp-cnet\/wp-json\/wp\/v2\/users\/1"}],"replies":[{"embeddable":true,"href":"https:\/\/catolicanet.net\/wp-cnet\/wp-json\/wp\/v2\/comments?post=17215"}],"version-history":[{"count":1,"href":"https:\/\/catolicanet.net\/wp-cnet\/wp-json\/wp\/v2\/posts\/17215\/revisions"}],"predecessor-version":[{"id":28008,"href":"https:\/\/catolicanet.net\/wp-cnet\/wp-json\/wp\/v2\/posts\/17215\/revisions\/28008"}],"wp:featuredmedia":[{"embeddable":true,"href":"https:\/\/catolicanet.net\/wp-cnet\/wp-json\/wp\/v2\/media\/17214"}],"wp:attachment":[{"href":"https:\/\/catolicanet.net\/wp-cnet\/wp-json\/wp\/v2\/media?parent=17215"}],"wp:term":[{"taxonomy":"category","embeddable":true,"href":"https:\/\/catolicanet.net\/wp-cnet\/wp-json\/wp\/v2\/categories?post=17215"},{"taxonomy":"post_tag","embeddable":true,"href":"https:\/\/catolicanet.net\/wp-cnet\/wp-json\/wp\/v2\/tags?post=17215"}],"curies":[{"name":"wp","href":"https:\/\/api.w.org\/{rel}","templated":true}]}}